{"id":326,"date":"2025-06-18T12:36:08","date_gmt":"2025-06-18T09:36:08","guid":{"rendered":"https:\/\/aylarpatent.com\/blog\/?p=326"},"modified":"2025-06-18T12:36:14","modified_gmt":"2025-06-18T09:36:14","slug":"muzik-grubu-marka-tescili-nasil-alinir","status":"publish","type":"post","link":"https:\/\/aylarpatent.com\/blog\/muzik-grubu-marka-tescili-nasil-alinir\/","title":{"rendered":"M\u00fczik Grubu Marka Tescili Nas\u0131l Al\u0131n\u0131r?"},"content":{"rendered":"\n<p><strong>M\u00fczik grubu marka tescili<\/strong>, grubun ismini ve imaj\u0131n\u0131 yasal g\u00fcvence alt\u0131na alan, T\u00dcRKPATENT nezdinde y\u00fcr\u00fct\u00fclen resmi bir i\u015flemdir. Bu sayede grubun ad\u0131, izinsiz kullan\u0131mlara kar\u015f\u0131 korunur ve ticari haklar g\u00fcvence alt\u0131na al\u0131n\u0131r.<\/p>\n\n\n\n<p>Tescil s\u00fcrecinde yap\u0131lacak do\u011fru s\u0131n\u0131f se\u00e7imi ve ba\u015fvuru ad\u0131mlar\u0131, uzun vadeli hukuki koruman\u0131n temelini olu\u015fturur. Profesyonel destekle ilerlemek, s\u00fcrecin hatas\u0131z tamamlanmas\u0131n\u0131 sa\u011flar. M\u00fczik grubu <a href=\"https:\/\/aylarpatent.com\/blog\/isim-hakki-alma\/\">isim hakk<\/a>\u0131 i\u00e7in <strong>bizimle ileti\u015fime ge\u00e7in.<\/strong><\/p>\n\n\n\n<h2 class=\"wp-block-heading\"><strong>M\u00fczik Grubu \u0130smi Nas\u0131l Korunur?<\/strong><\/h2>\n\n\n\n<p><strong>Bir m\u00fczik grubunun ismini koruman\u0131n en etkili ve hukuken ge\u00e7erli yolu, marka tescili yapt\u0131rmakt\u0131r.<\/strong> Tescil edilmemi\u015f bir grup ismi, yaln\u0131zca fiili kullan\u0131m yoluyla korunmaya \u00e7al\u0131\u015f\u0131l\u0131rsa yetersiz kalabilir ve taklit ya da izinsiz kullan\u0131mlara a\u00e7\u0131k h\u00e2le gelir.<\/p>\n\n\n\n<p>Marka tescili sayesinde grup ad\u0131, yaln\u0131zca sanat\u00e7\u0131lar\u0131 temsil eden bir ifade olmaktan \u00e7\u0131kar; ticari ve hukuki bir de\u011fer kazan\u0131r. Bu koruma, yaln\u0131zca m\u00fczik \u00fcretimini de\u011fil, konser, alb\u00fcm, promosyon ve dijital platformlarda kullan\u0131m gibi t\u00fcm alanlar\u0131 kapsar.<\/p>\n\n\n\n<p>Ayr\u0131ca, 6769 say\u0131l\u0131 <a href=\"https:\/\/www.mevzuat.gov.tr\/mevzuat?MevzuatNo=6769&amp;MevzuatTur=1&amp;MevzuatTertip=5\">S\u0131nai M\u00fclkiyet Kanunu<\/a>\u2019na g\u00f6re tescil edilen bir marka, <strong>\u00fclke \u00e7ap\u0131nda<\/strong> ge\u00e7erli haklar sa\u011flar. Bu da gruba, ayn\u0131 ya da benzer isimle yap\u0131lan ticari faaliyetlere kar\u015f\u0131 itiraz ve dava a\u00e7ma hakk\u0131 verir.<\/p>\n\n\n\n<p>Sonu\u00e7 olarak, isim hakk\u0131n\u0131 etkili bi\u00e7imde korumak isteyen her m\u00fczik grubu, faaliyetlerine ba\u015flamadan \u00f6nce marka tescili yapt\u0131rmal\u0131d\u0131r. Bu ad\u0131m, yaln\u0131zca hukuki g\u00fcvence de\u011fil, sekt\u00f6rdeki profesyonel duru\u015fun da g\u00f6stergesidir.<\/p>\n\n\n\n<figure class=\"wp-block-image size-full\"><img fetchpriority=\"high\" decoding=\"async\" width=\"768\" height=\"200\" src=\"https:\/\/aylarpatent.com\/blog\/wp-content\/uploads\/2025\/06\/Muzik-grubu-marka-tescili-nasil-yapilir.webp\" alt=\"\" class=\"wp-image-328\"\/><\/figure>\n\n\n\n<h2 class=\"wp-block-heading\"><strong>M\u00fczik Grubu Marka Tescili Nas\u0131l Yap\u0131l\u0131r?<\/strong><\/h2>\n\n\n\n<p>M\u00fczik grubu ad\u0131na marka tescili yap\u0131lmas\u0131, belirli a\u015famalar\u0131 i\u00e7eren resmi bir s\u00fcre\u00e7tir. Bu s\u00fcre\u00e7, marka hakk\u0131n\u0131n hukuken ge\u00e7erli ve uzun vadeli bir koruma sa\u011flamas\u0131 a\u00e7\u0131s\u0131ndan titizlikle y\u00fcr\u00fct\u00fclmelidir.<\/p>\n\n\n\n<h3 class=\"wp-block-heading\"><strong>Ba\u015fvuru \u00d6ncesi Ara\u015ft\u0131rma ve Benzerlik Taramas\u0131<\/strong><\/h3>\n\n\n\n<p>\u0130lk ad\u0131m, tescil edilmek istenen m\u00fczik grubu ad\u0131n\u0131n daha \u00f6nce ba\u015fka ki\u015fi veya kurumlarca marka olarak tescil edilip edilmedi\u011finin ara\u015ft\u0131r\u0131lmas\u0131d\u0131r. Bu i\u015flem, <strong>T\u00dcRKPATENT Marka Ara\u015ft\u0131rma Sistemi<\/strong> \u00fczerinden veya profesyonel dan\u0131\u015fmanl\u0131k hizmetleriyle yap\u0131labilir. Mevcut bir markaya benzerlik, ba\u015fvurunun reddine veya itiraza yol a\u00e7abilir.<\/p>\n\n\n\n<ul class=\"wp-block-list\">\n<li><a href=\"https:\/\/aylarpatent.com\/marka-sorgula.php\">Marka Sorgulama<\/a> i\u00e7in t\u0131klay\u0131n\u0131z.<\/li>\n<\/ul>\n\n\n\n<h3 class=\"wp-block-heading\"><strong>Mal ve Hizmet S\u0131n\u0131flar\u0131n\u0131n Belirlenmesi<\/strong><\/h3>\n\n\n\n<p>Marka tescili yap\u0131l\u0131rken, tescilin hangi sekt\u00f6rlerde ge\u00e7erli olaca\u011f\u0131n\u0131 belirlemek i\u00e7in mal ve hizmet s\u0131n\u0131flar\u0131n\u0131n se\u00e7ilmesi gerekir. <strong>M\u00fczik gruplar\u0131 i\u00e7in en yayg\u0131n kullan\u0131lan s\u0131n\u0131f 41. s\u0131n\u0131ft\u0131r<\/strong>. Bu s\u0131n\u0131f, \u201ce\u011flence hizmetleri, m\u00fczik performanslar\u0131 ve organizasyonlar\u201d gibi alanlar\u0131 kapsar. Ayr\u0131ca, ticari \u00fcr\u00fcnler i\u00e7in 9. s\u0131n\u0131f (ses kay\u0131tlar\u0131, dijital i\u00e7erikler) ve 25. s\u0131n\u0131f (k\u0131yafet, promosyon \u00fcr\u00fcnleri) da de\u011ferlendirilebilir.<\/p>\n\n\n\n<h3 class=\"wp-block-heading\"><strong>T\u00dcRKPATENT \u00dczerinden Ba\u015fvuru Ad\u0131mlar\u0131<\/strong><\/h3>\n\n\n\n<p>M\u00fczik grubu ad\u0131na marka tescili ba\u015fvurusu, T\u00fcrk Patent ve Marka Kurumu\u2019nun (<strong>T\u00dcRKPATENT<\/strong>) \u00e7evrim i\u00e7i sistemleri \u00fczerinden do\u011frudan yap\u0131labilir. Ancak ba\u015fvuru s\u00fcreci, teknik ve hukuki ayr\u0131nt\u0131lar i\u00e7erdi\u011finden dolay\u0131 hata riski y\u00fcksektir. \u00d6zellikle s\u0131n\u0131f se\u00e7imi, benzerlik riski analizi ve belge y\u00f6netimi gibi kritik noktalarda uzman deste\u011fi al\u0131nmas\u0131 b\u00fcy\u00fck \u00f6nem ta\u015f\u0131r.<\/p>\n\n\n\n<p>Bu nedenle marka ba\u015fvurusu i\u015flemlerinin bir <strong>marka vekili<\/strong> arac\u0131l\u0131\u011f\u0131yla yap\u0131lmas\u0131, hem i\u015flemlerin h\u0131zl\u0131 ilerlemesini sa\u011flar hem de olas\u0131 ret ve itiraz risklerini minimize eder. Marka vekili, ba\u015fvurunun her a\u015famas\u0131nda sizi temsil eder ve s\u00fcreci profesyonel \u015fekilde y\u00fcr\u00fct\u00fcr.<\/p>\n\n\n\n<h3 class=\"wp-block-heading\"><strong>Ba\u015fvuru Sonras\u0131 \u0130nceleme ve Yay\u0131ma \u0130tiraz S\u00fcreci<\/strong><\/h3>\n\n\n\n<p>Ba\u015fvuru sonras\u0131 T\u00dcRKPATENT uzmanlar\u0131 markay\u0131 \u015fekli ve hukuki a\u00e7\u0131dan inceler. Herhangi bir eksiklik veya ret nedeni g\u00f6r\u00fclmezse marka, Resm\u00ee Marka B\u00fclteni\u2019nde yay\u0131nlan\u0131r. Yay\u0131m s\u00fcresi <strong>iki ayd\u0131r<\/strong> ve bu s\u00fcre i\u00e7inde \u00fc\u00e7\u00fcnc\u00fc ki\u015filer taraf\u0131ndan itiraz edilebilir.<\/p>\n\n\n\n<p>\u0130tiraz olmamas\u0131 ve tescilin onaylanmas\u0131 h\u00e2linde marka sicile kaydedilir ve <strong>on y\u0131ll\u0131k koruma s\u00fcresi<\/strong> ba\u015flar.<\/p>\n\n\n\n<figure class=\"wp-block-image size-full\"><img decoding=\"async\" width=\"768\" height=\"200\" src=\"https:\/\/aylarpatent.com\/blog\/wp-content\/uploads\/2025\/06\/Marka-Tescili-Alinmazsa-ne-olur.webp\" alt=\"\" class=\"wp-image-329\"\/><\/figure>\n\n\n\n<h2 class=\"wp-block-heading\"><strong>Marka Tescili Al\u0131nmazsa Ne Olur?<\/strong><\/h2>\n\n\n\n<p><strong>Marka tescili yap\u0131lmad\u0131\u011f\u0131 takdirde<\/strong>, m\u00fczik grubunun ismi hukuken koruma alt\u0131na al\u0131nm\u0131\u015f say\u0131lmaz. Bu durumda ismin yaln\u0131zca fiili kullan\u0131ma dayal\u0131 olarak sahiplenilmesi m\u00fcmk\u00fcn olur, ancak bu yeterli ve g\u00fcvenli bir koruma y\u00f6ntemi de\u011fildir.<\/p>\n\n\n\n<p>Tescilsiz bir grup ad\u0131:<\/p>\n\n\n\n<ul class=\"wp-block-list\">\n<li>Ba\u015fkalar\u0131 taraf\u0131ndan ayn\u0131 veya benzer isimle tescil edilebilir.<br><\/li>\n\n\n\n<li>Ticari faaliyetlerde (konser afi\u015fi, alb\u00fcm, dijital platform, \u00fcr\u00fcn sat\u0131\u015f\u0131) <strong>izinsiz kullan\u0131m riskiyle<\/strong> kar\u015f\u0131 kar\u015f\u0131ya kal\u0131r.<br><\/li>\n\n\n\n<li>\u00dc\u00e7\u00fcnc\u00fc ki\u015filere kar\u015f\u0131 <strong>itiraz ve dava hakk\u0131 s\u0131n\u0131rl\u0131 olur<\/strong>.<br><\/li>\n\n\n\n<li>Sponsorluk, prod\u00fcksiyon ve reklam anla\u015fmalar\u0131nda <strong>profesyonel g\u00fcvenilirlik kayb\u0131<\/strong> ya\u015fanabilir.<br><\/li>\n<\/ul>\n\n\n\n<p>\u00d6zellikle marka tescili yap\u0131lm\u0131\u015f bir isim kar\u015f\u0131s\u0131nda, siz daha \u00f6nce kullan\u0131yor olsan\u0131z bile, <strong>hukuki \u00fcst\u00fcnl\u00fck tescil sahibine ge\u00e7er<\/strong>. Bu da, grubunuzun ad\u0131n\u0131 de\u011fi\u015ftirmek zorunda kalman\u0131z anlam\u0131na gelebilir.<\/p>\n\n\n\n<p><strong>Sonu\u00e7 olarak, m\u00fczik grubunun ismi \u00fczerinden do\u011fabilecek her t\u00fcrl\u00fc ticari, sanatsal ve hukuki hak kayb\u0131n\u0131 \u00f6nlemenin en g\u00fcvenli yolu marka tescilidir.<\/strong><\/p>\n\n\n\n<h2 class=\"wp-block-heading\"><strong>M\u00fczik Grubu \u0130\u00e7in Hangi Marka S\u0131n\u0131flar\u0131 Se\u00e7ilmelidir?<\/strong><\/h2>\n\n\n\n<p><strong>M\u00fczik grubu ad\u0131na marka tescili yap\u0131l\u0131rken en \u00f6nemli ad\u0131mlardan biri do\u011fru <\/strong><a href=\"https:\/\/aylarpatent.com\/blog\/marka-siniflari-sektorlere-gore-marka-kategorileri\/\"><strong>marka s\u0131n\u0131f\u0131n\u0131n<\/strong><\/a><strong> se\u00e7ilmesidir.<\/strong> Marka tescili yaln\u0131zca ba\u015fvuru s\u0131ras\u0131nda belirtilen mal ve hizmet s\u0131n\u0131flar\u0131 i\u00e7in koruma sa\u011flar. Bu nedenle, faaliyet alan\u0131na uygun s\u0131n\u0131flar\u0131n belirlenmesi b\u00fcy\u00fck \u00f6nem ta\u015f\u0131r.<\/p>\n\n\n\n<h3 class=\"wp-block-heading\"><strong>Ana Hizmet Alan\u0131: S\u0131n\u0131f 41<\/strong><\/h3>\n\n\n\n<p>M\u00fczik gruplar\u0131 i\u00e7in temel s\u0131n\u0131f genellikle <strong>41. s\u0131n\u0131ft\u0131r<\/strong>. Bu s\u0131n\u0131f, \u201ce\u011flence hizmetleri, m\u00fczik performanslar\u0131, konser organizasyonlar\u0131 ve sanatsal etkinlikler\u201d gibi hizmetleri kapsar. Bir m\u00fczik grubunun konser vermesi, sahne almas\u0131 veya sanatsal etkinlik d\u00fczenlemesi do\u011frudan bu s\u0131n\u0131fla ili\u015fkilidir.<\/p>\n\n\n\n<h3 class=\"wp-block-heading\"><strong>Dijital \u0130\u00e7erikler: S\u0131n\u0131f 9<\/strong><\/h3>\n\n\n\n<p>E\u011fer grup, dijital alb\u00fcm, ses kay\u0131tlar\u0131, video klipler veya m\u00fczik platformlar\u0131nda yay\u0131mlanacak i\u00e7erikler \u00fcretiyorsa, <strong>9. s\u0131n\u0131f<\/strong> eklenmelidir. Bu s\u0131n\u0131f, dijital medya \u00fcr\u00fcnlerinin ticari kullan\u0131m\u0131n\u0131 ve korunmas\u0131n\u0131 sa\u011flar.<\/p>\n\n\n\n<h3 class=\"wp-block-heading\"><strong>Ticari \u00dcr\u00fcnler ve Grup Merchandising: S\u0131n\u0131f 35<\/strong><\/h3>\n\n\n\n<p>Grubun ad\u0131yla ti\u015f\u00f6rt, \u015fapka, afi\u015f gibi \u00fcr\u00fcnler sat\u0131\u015fa sunulacaksa, <strong>35. s\u0131n\u0131f<\/strong> da ba\u015fvuruya dahil edilmelidir. Bu s\u0131n\u0131f, perakende ve toptan sat\u0131\u015f hizmetlerini kapsar. \u00d6zellikle \u201c&#8230; mallar\u0131n\u0131n bir araya getirilmesi hizmetleri\u201d ifadesiyle kullan\u0131lan \u00fcr\u00fcn gruplar\u0131, bu s\u0131n\u0131f arac\u0131l\u0131\u011f\u0131yla tescil edilir.<\/p>\n\n\n\n<h2 class=\"wp-block-heading\"><strong>Uluslararas\u0131 M\u00fczik Gruplar\u0131 \u0130\u00e7in Marka Korumas\u0131 Nas\u0131l Sa\u011flan\u0131r?<\/strong><\/h2>\n\n\n\n<p>Yaln\u0131zca T\u00fcrkiye\u2019de <a href=\"https:\/\/aylarpatent.com\/\"><strong>marka tescili<\/strong><\/a><strong> <\/strong>yapt\u0131rmak, m\u00fczik grubunun ismini yurt d\u0131\u015f\u0131nda korumak i\u00e7in yeterli de\u011fildir. Uluslararas\u0131 faaliyet g\u00f6steren gruplar, isim haklar\u0131n\u0131 global d\u00fczeyde g\u00fcvence alt\u0131na almak istiyorsa <strong>Madrid Protokol\u00fc<\/strong> \u00fczerinden ba\u015fvuru yapmal\u0131d\u0131r.<\/p>\n\n\n\n<p>Madrid Protokol\u00fc, marka sahibinin tek bir ba\u015fvuruyla birden fazla \u00fclkede marka korumas\u0131 talep etmesine imk\u00e2n tan\u0131yan uluslararas\u0131 bir sistemdir. T\u00fcrkiye, bu sisteme taraf oldu\u011fu i\u00e7in T\u00dcRKPATENT \u00fczerinden yap\u0131lacak bir ba\u015fvuru, istenilen \u00fclkelerde ge\u00e7erlilik kazanabilir.<\/p>\n\n\n\n<p>Ba\u015fvuruda bulunabilmek i\u00e7in \u00f6ncelikle T\u00fcrkiye\u2019de marka tescili yap\u0131lm\u0131\u015f olmal\u0131 ya da ba\u015fvuru s\u00fcreci ba\u015flat\u0131lm\u0131\u015f olmal\u0131d\u0131r. Ard\u0131ndan hedef \u00fclkeler belirlenerek D\u00fcnya Fikri M\u00fclkiyet Te\u015fkilat\u0131 (WIPO) \u00fczerinden resmi ba\u015fvuru ger\u00e7ekle\u015ftirilir.<\/p>\n\n\n\n<p>Her \u00fclke, ba\u015fvuruyu kendi i\u00e7 mevzuat\u0131na g\u00f6re de\u011ferlendirir. Bu nedenle ba\u015fvuru \u00f6ncesinde hedef \u00fclkelerdeki marka yap\u0131s\u0131 ve benzerlik durumu detayl\u0131 \u015fekilde analiz edilmelidir. Ayr\u0131ca, markan\u0131n farkl\u0131 dillerdeki anlam\u0131, telaffuzu ve k\u00fclt\u00fcrel \u00e7a\u011fr\u0131\u015f\u0131mlar\u0131 da g\u00f6z \u00f6n\u00fcnde bulundurulmal\u0131d\u0131r.<\/p>\n\n\n\n<p>Uluslararas\u0131 koruma, grubun yurt d\u0131\u015f\u0131 konserleri, alb\u00fcm sat\u0131\u015f\u0131, dijital platformlarda tan\u0131t\u0131m\u0131 ve \u00fcr\u00fcn ticarile\u015ftirmesi gibi t\u00fcm faaliyetlerini g\u00fcvence alt\u0131na al\u0131r. Bu nedenle s\u00fcrecin profesyonel \u015fekilde y\u00f6netilmesi, zaman ve maliyet a\u00e7\u0131s\u0131ndan \u00f6nemli avantajlar sa\u011flar.<\/p>\n\n\n\n<h2 class=\"wp-block-heading\"><strong>Marka Tescili M\u00fczik Gruplar\u0131na Ne T\u00fcr Haklar Sa\u011flar?<\/strong><\/h2>\n\n\n\n<p>M\u00fczik grubu ad\u0131na yap\u0131lan marka tescili, yaln\u0131zca bir ismin korunmas\u0131ndan ibaret de\u011fildir; ayn\u0131 zamanda grubun t\u00fcm ticari ve sanatsal faaliyetlerini hukuki g\u00fcvence alt\u0131na al\u0131r. Tescil edilen marka, ba\u015fvuru sahibine belirli s\u0131n\u0131flar kapsam\u0131nda <strong>m\u00fcnhas\u0131r (tekil) kullan\u0131m hakk\u0131<\/strong> verir. Bu hak, hem ticari hem de hukuki anlamda \u00f6nemli avantajlar sunar.<\/p>\n\n\n\n<p>Tescilli bir marka ile m\u00fczik grubu, ismini izinsiz kullanan ki\u015fi veya kurulu\u015flara kar\u015f\u0131 <strong>itiraz etme<\/strong>, <strong>dava a\u00e7ma<\/strong> ve gerekti\u011finde <strong>tazminat talebinde bulunma<\/strong> hakk\u0131na sahiptir. Ayr\u0131ca markay\u0131 devretme, lisans verme ya da teminat g\u00f6sterme gibi i\u015flemler de ger\u00e7ekle\u015ftirilebilir. Bu haklar, grubun yaln\u0131zca m\u00fczikal \u00fcretimini de\u011fil; sahne performanslar\u0131n\u0131, alb\u00fcm sat\u0131\u015flar\u0131n\u0131, promosyon \u00fcr\u00fcnlerini ve dijital platformlardaki faaliyetlerini de kapsar.<\/p>\n\n\n\n<p>Ticari faaliyetlerde marka tescili, m\u00fczik grubunun profesyonel imaj\u0131n\u0131 da g\u00fc\u00e7lendirir. Sponsor anla\u015fmalar\u0131, menajerlik s\u00f6zle\u015fmeleri ve marka i\u015f birliklerinde hukuki dayana\u011f\u0131n olmas\u0131, markaya olan g\u00fcveni art\u0131r\u0131r ve uzun vadede grubun ticari de\u011ferini y\u00fckseltir.<\/p>\n\n\n\n<p>Sonu\u00e7 olarak, marka tescili yapt\u0131rmak m\u00fczik gruplar\u0131 i\u00e7in yaln\u0131zca koruma de\u011fil, ayn\u0131 zamanda <strong>hakimiyet ve itibar<\/strong> sa\u011flayan stratejik bir ad\u0131md\u0131r.<\/p>\n\n\n\n<h2 class=\"wp-block-heading\"><strong>Marka Tescili \u00d6ncesinde Dikkat Edilmesi Gerekenler<\/strong><\/h2>\n\n\n\n<p>M\u00fczik grubu ad\u0131na marka tescili ba\u015fvurusunda bulunmadan \u00f6nce dikkat edilmesi gereken baz\u0131 kritik hususlar vard\u0131r. Bu unsurlar, hem ba\u015fvurunun ba\u015far\u0131yla sonu\u00e7lanmas\u0131 hem de sonradan do\u011fabilecek hukuki ihtilaflar\u0131n \u00f6nlenmesi a\u00e7\u0131s\u0131ndan b\u00fcy\u00fck \u00f6nem ta\u015f\u0131r.<\/p>\n\n\n\n<p>\u00d6ncelikle se\u00e7ilecek ismin <strong>ay\u0131rt edici<\/strong> olmas\u0131 gerekir. Genel kullan\u0131ma a\u00e7\u0131k, tan\u0131mlay\u0131c\u0131 veya sekt\u00f6rde yayg\u0131n kullan\u0131lan ifadeler tescil edilemez. Ayr\u0131ca, marka ad\u0131n\u0131n daha \u00f6nce ba\u015fka biri taraf\u0131ndan tescil edilip edilmedi\u011fi mutlaka ara\u015ft\u0131r\u0131lmal\u0131d\u0131r. Benzerlik durumunda ba\u015fvuru reddedilebilir veya tescil sonras\u0131nda itirazla kar\u015f\u0131la\u015f\u0131labilir.<\/p>\n\n\n\n<p>Bir di\u011fer \u00f6nemli konu, <strong>mal ve hizmet s\u0131n\u0131flar\u0131n\u0131n do\u011fru belirlenmesidir<\/strong>. Marka yaln\u0131zca ba\u015fvuruda se\u00e7ilen s\u0131n\u0131flar i\u00e7in koruma sa\u011flar. Bu nedenle m\u00fczik gruplar\u0131 i\u00e7in \u00f6ncelikli olan 41. s\u0131n\u0131f\u0131n yan\u0131 s\u0131ra, faaliyet alan\u0131na g\u00f6re 9, 25 ve 35. s\u0131n\u0131flar da de\u011ferlendirilmelidir.<\/p>\n\n\n\n<p>Ba\u015fvurunun kimin ad\u0131na yap\u0131laca\u011f\u0131 da ileride do\u011fabilecek grup i\u00e7i anla\u015fmazl\u0131klar a\u00e7\u0131s\u0131ndan belirleyicidir. Marka, t\u00fcm grup \u00fcyelerinin ortak karar\u0131yla bir ki\u015fi ya da t\u00fczel ki\u015fi ad\u0131na tescil ettirilmelidir<\/p>\n","protected":false},"excerpt":{"rendered":"<p>M\u00fczik grubu marka tescili, grubun ismini ve imaj\u0131n\u0131 yasal g\u00fcvence alt\u0131na alan, T\u00dcRKPATENT nezdinde y\u00fcr\u00fct\u00fclen resmi bir i\u015flemdir. Bu sayede grubun ad\u0131, izinsiz kullan\u0131mlara kar\u015f\u0131 korunur ve ticari haklar g\u00fcvence alt\u0131na al\u0131n\u0131r. Tescil s\u00fcrecinde yap\u0131lacak do\u011fru s\u0131n\u0131f se\u00e7imi ve ba\u015fvuru ad\u0131mlar\u0131, uzun vadeli hukuki koruman\u0131n temelini olu\u015fturur. Profesyonel destekle ilerlemek, s\u00fcrecin hatas\u0131z tamamlanmas\u0131n\u0131 sa\u011flar. M\u00fczik &hellip; <a href=\"https:\/\/aylarpatent.com\/blog\/muzik-grubu-marka-tescili-nasil-alinir\/\" class=\"more-link\">Okumaya devam et<span class=\"screen-reader-text\"> &#8220;M\u00fczik Grubu Marka Tescili Nas\u0131l Al\u0131n\u0131r?&#8221;<\/span><\/a><\/p>\n","protected":false},"author":2,"featured_media":327,"comment_status":"open","ping_status":"open","sticky":false,"template":"","format":"standard","meta":{"footnotes":""},"categories":[1],"tags":[10],"class_list":["post-326","post","type-post","status-publish","format-standard","has-post-thumbnail","hentry","category-genel","tag-muzik-grubu-marka-tescili"],"yoast_head":"<!-- This site is optimized with the Yoast SEO plugin v24.6 - https:\/\/yoast.com\/wordpress\/plugins\/seo\/ -->\n<title>M\u00fczik Grubu Marka Tescili Nas\u0131l Al\u0131n\u0131r? - Aylar Patent<\/title>\n<meta name=\"description\" content=\"M\u00fczik grubu marka tescili, grubun ismini ve imaj\u0131n\u0131 yasal g\u00fcvence alt\u0131na alan, T\u00dcRKPATENT nezdinde y\u00fcr\u00fct\u00fclen resmi bir i\u015flemdir.\" \/>\n<meta name=\"robots\" content=\"index, follow, max-snippet:-1, max-image-preview:large, max-video-preview:-1\" \/>\n<link rel=\"canonical\" href=\"https:\/\/aylarpatent.com\/blog\/muzik-grubu-marka-tescili-nasil-alinir\/\" \/>\n<meta property=\"og:locale\" content=\"tr_TR\" \/>\n<meta property=\"og:type\" content=\"article\" \/>\n<meta property=\"og:title\" content=\"M\u00fczik Grubu Marka Tescili Nas\u0131l Al\u0131n\u0131r? - Aylar Patent\" \/>\n<meta property=\"og:description\" content=\"M\u00fczik grubu marka tescili, grubun ismini ve imaj\u0131n\u0131 yasal g\u00fcvence alt\u0131na alan, T\u00dcRKPATENT nezdinde y\u00fcr\u00fct\u00fclen resmi bir i\u015flemdir.\" \/>\n<meta property=\"og:url\" content=\"https:\/\/aylarpatent.com\/blog\/muzik-grubu-marka-tescili-nasil-alinir\/\" \/>\n<meta property=\"og:site_name\" content=\"Aylar Patent\" \/>\n<meta property=\"article:published_time\" content=\"2025-06-18T09:36:08+00:00\" \/>\n<meta property=\"article:modified_time\" content=\"2025-06-18T09:36:14+00:00\" \/>\n<meta property=\"og:image\" content=\"https:\/\/aylarpatent.com\/blog\/wp-content\/uploads\/2025\/06\/Muzik-Grubu-Marka-Tescili.webp\" \/>\n\t<meta property=\"og:image:width\" content=\"1920\" \/>\n\t<meta property=\"og:image:height\" content=\"1080\" \/>\n\t<meta property=\"og:image:type\" content=\"image\/webp\" \/>\n<meta name=\"author\" content=\"admin\" \/>\n<meta name=\"twitter:card\" content=\"summary_large_image\" \/>\n<meta name=\"twitter:label1\" content=\"Yazan:\" \/>\n\t<meta name=\"twitter:data1\" content=\"admin\" \/>\n\t<meta name=\"twitter:label2\" content=\"Tahmini okuma s\u00fcresi\" \/>\n\t<meta name=\"twitter:data2\" content=\"9 dakika\" \/>\n<script type=\"application\/ld+json\" class=\"yoast-schema-graph\">{\"@context\":\"https:\/\/schema.org\",\"@graph\":[{\"@type\":\"Article\",\"@id\":\"https:\/\/aylarpatent.com\/blog\/muzik-grubu-marka-tescili-nasil-alinir\/#article\",\"isPartOf\":{\"@id\":\"https:\/\/aylarpatent.com\/blog\/muzik-grubu-marka-tescili-nasil-alinir\/\"},\"author\":{\"name\":\"admin\",\"@id\":\"https:\/\/aylarpatent.com\/blog\/#\/schema\/person\/1a3758e6773724a703b3b2aab525ce8c\"},\"headline\":\"M\u00fczik Grubu Marka Tescili Nas\u0131l Al\u0131n\u0131r?\",\"datePublished\":\"2025-06-18T09:36:08+00:00\",\"dateModified\":\"2025-06-18T09:36:14+00:00\",\"mainEntityOfPage\":{\"@id\":\"https:\/\/aylarpatent.com\/blog\/muzik-grubu-marka-tescili-nasil-alinir\/\"},\"wordCount\":1844,\"commentCount\":0,\"publisher\":{\"@id\":\"https:\/\/aylarpatent.com\/blog\/#organization\"},\"image\":{\"@id\":\"https:\/\/aylarpatent.com\/blog\/muzik-grubu-marka-tescili-nasil-alinir\/#primaryimage\"},\"thumbnailUrl\":\"https:\/\/aylarpatent.com\/blog\/wp-content\/uploads\/2025\/06\/Muzik-Grubu-Marka-Tescili.webp\",\"keywords\":[\"M\u00fczik Grubu Marka Tescili\"],\"inLanguage\":\"tr\",\"potentialAction\":[{\"@type\":\"CommentAction\",\"name\":\"Comment\",\"target\":[\"https:\/\/aylarpatent.com\/blog\/muzik-grubu-marka-tescili-nasil-alinir\/#respond\"]}]},{\"@type\":\"WebPage\",\"@id\":\"https:\/\/aylarpatent.com\/blog\/muzik-grubu-marka-tescili-nasil-alinir\/\",\"url\":\"https:\/\/aylarpatent.com\/blog\/muzik-grubu-marka-tescili-nasil-alinir\/\",\"name\":\"M\u00fczik Grubu Marka Tescili Nas\u0131l Al\u0131n\u0131r? - Aylar Patent\",\"isPartOf\":{\"@id\":\"https:\/\/aylarpatent.com\/blog\/#website\"},\"primaryImageOfPage\":{\"@id\":\"https:\/\/aylarpatent.com\/blog\/muzik-grubu-marka-tescili-nasil-alinir\/#primaryimage\"},\"image\":{\"@id\":\"https:\/\/aylarpatent.com\/blog\/muzik-grubu-marka-tescili-nasil-alinir\/#primaryimage\"},\"thumbnailUrl\":\"https:\/\/aylarpatent.com\/blog\/wp-content\/uploads\/2025\/06\/Muzik-Grubu-Marka-Tescili.webp\",\"datePublished\":\"2025-06-18T09:36:08+00:00\",\"dateModified\":\"2025-06-18T09:36:14+00:00\",\"description\":\"M\u00fczik grubu marka tescili, grubun ismini ve imaj\u0131n\u0131 yasal g\u00fcvence alt\u0131na alan, T\u00dcRKPATENT nezdinde y\u00fcr\u00fct\u00fclen resmi bir i\u015flemdir.\",\"breadcrumb\":{\"@id\":\"https:\/\/aylarpatent.com\/blog\/muzik-grubu-marka-tescili-nasil-alinir\/#breadcrumb\"},\"inLanguage\":\"tr\",\"potentialAction\":[{\"@type\":\"ReadAction\",\"target\":[\"https:\/\/aylarpatent.com\/blog\/muzik-grubu-marka-tescili-nasil-alinir\/\"]}]},{\"@type\":\"ImageObject\",\"inLanguage\":\"tr\",\"@id\":\"https:\/\/aylarpatent.com\/blog\/muzik-grubu-marka-tescili-nasil-alinir\/#primaryimage\",\"url\":\"https:\/\/aylarpatent.com\/blog\/wp-content\/uploads\/2025\/06\/Muzik-Grubu-Marka-Tescili.webp\",\"contentUrl\":\"https:\/\/aylarpatent.com\/blog\/wp-content\/uploads\/2025\/06\/Muzik-Grubu-Marka-Tescili.webp\",\"width\":1920,\"height\":1080},{\"@type\":\"BreadcrumbList\",\"@id\":\"https:\/\/aylarpatent.com\/blog\/muzik-grubu-marka-tescili-nasil-alinir\/#breadcrumb\",\"itemListElement\":[{\"@type\":\"ListItem\",\"position\":1,\"name\":\"Anasayfa\",\"item\":\"https:\/\/aylarpatent.com\/blog\/\"},{\"@type\":\"ListItem\",\"position\":2,\"name\":\"M\u00fczik Grubu Marka Tescili Nas\u0131l Al\u0131n\u0131r?\"}]},{\"@type\":\"WebSite\",\"@id\":\"https:\/\/aylarpatent.com\/blog\/#website\",\"url\":\"https:\/\/aylarpatent.com\/blog\/\",\"name\":\"Aylar Patent\",\"description\":\"\",\"publisher\":{\"@id\":\"https:\/\/aylarpatent.com\/blog\/#organization\"},\"potentialAction\":[{\"@type\":\"SearchAction\",\"target\":{\"@type\":\"EntryPoint\",\"urlTemplate\":\"https:\/\/aylarpatent.com\/blog\/?s={search_term_string}\"},\"query-input\":{\"@type\":\"PropertyValueSpecification\",\"valueRequired\":true,\"valueName\":\"search_term_string\"}}],\"inLanguage\":\"tr\"},{\"@type\":\"Organization\",\"@id\":\"https:\/\/aylarpatent.com\/blog\/#organization\",\"name\":\"Aylar Patent\",\"url\":\"https:\/\/aylarpatent.com\/blog\/\",\"logo\":{\"@type\":\"ImageObject\",\"inLanguage\":\"tr\",\"@id\":\"https:\/\/aylarpatent.com\/blog\/#\/schema\/logo\/image\/\",\"url\":\"https:\/\/aylarpatent.com\/blog\/wp-content\/uploads\/2024\/09\/logoK-1.webp\",\"contentUrl\":\"https:\/\/aylarpatent.com\/blog\/wp-content\/uploads\/2024\/09\/logoK-1.webp\",\"width\":166,\"height\":63,\"caption\":\"Aylar Patent\"},\"image\":{\"@id\":\"https:\/\/aylarpatent.com\/blog\/#\/schema\/logo\/image\/\"}},{\"@type\":\"Person\",\"@id\":\"https:\/\/aylarpatent.com\/blog\/#\/schema\/person\/1a3758e6773724a703b3b2aab525ce8c\",\"name\":\"admin\",\"image\":{\"@type\":\"ImageObject\",\"inLanguage\":\"tr\",\"@id\":\"https:\/\/aylarpatent.com\/blog\/#\/schema\/person\/image\/\",\"url\":\"https:\/\/secure.gravatar.com\/avatar\/01214ab657a3fffb9bad5e80515ee883ef573257c3c11761fd3965e705f29d54?s=96&d=mm&r=g\",\"contentUrl\":\"https:\/\/secure.gravatar.com\/avatar\/01214ab657a3fffb9bad5e80515ee883ef573257c3c11761fd3965e705f29d54?s=96&d=mm&r=g\",\"caption\":\"admin\"},\"url\":\"https:\/\/aylarpatent.com\/blog\/author\/admin\/\"}]}<\/script>\n<!-- \/ Yoast SEO plugin. -->","yoast_head_json":{"title":"M\u00fczik Grubu Marka Tescili Nas\u0131l Al\u0131n\u0131r? - Aylar Patent","description":"M\u00fczik grubu marka tescili, grubun ismini ve imaj\u0131n\u0131 yasal g\u00fcvence alt\u0131na alan, T\u00dcRKPATENT nezdinde y\u00fcr\u00fct\u00fclen resmi bir i\u015flemdir.","robots":{"index":"index","follow":"follow","max-snippet":"max-snippet:-1","max-image-preview":"max-image-preview:large","max-video-preview":"max-video-preview:-1"},"canonical":"https:\/\/aylarpatent.com\/blog\/muzik-grubu-marka-tescili-nasil-alinir\/","og_locale":"tr_TR","og_type":"article","og_title":"M\u00fczik Grubu Marka Tescili Nas\u0131l Al\u0131n\u0131r? - Aylar Patent","og_description":"M\u00fczik grubu marka tescili, grubun ismini ve imaj\u0131n\u0131 yasal g\u00fcvence alt\u0131na alan, T\u00dcRKPATENT nezdinde y\u00fcr\u00fct\u00fclen resmi bir i\u015flemdir.","og_url":"https:\/\/aylarpatent.com\/blog\/muzik-grubu-marka-tescili-nasil-alinir\/","og_site_name":"Aylar Patent","article_published_time":"2025-06-18T09:36:08+00:00","article_modified_time":"2025-06-18T09:36:14+00:00","og_image":[{"width":1920,"height":1080,"url":"https:\/\/aylarpatent.com\/blog\/wp-content\/uploads\/2025\/06\/Muzik-Grubu-Marka-Tescili.webp","type":"image\/webp"}],"author":"admin","twitter_card":"summary_large_image","twitter_misc":{"Yazan:":"admin","Tahmini okuma s\u00fcresi":"9 dakika"},"schema":{"@context":"https:\/\/schema.org","@graph":[{"@type":"Article","@id":"https:\/\/aylarpatent.com\/blog\/muzik-grubu-marka-tescili-nasil-alinir\/#article","isPartOf":{"@id":"https:\/\/aylarpatent.com\/blog\/muzik-grubu-marka-tescili-nasil-alinir\/"},"author":{"name":"admin","@id":"https:\/\/aylarpatent.com\/blog\/#\/schema\/person\/1a3758e6773724a703b3b2aab525ce8c"},"headline":"M\u00fczik Grubu Marka Tescili Nas\u0131l Al\u0131n\u0131r?","datePublished":"2025-06-18T09:36:08+00:00","dateModified":"2025-06-18T09:36:14+00:00","mainEntityOfPage":{"@id":"https:\/\/aylarpatent.com\/blog\/muzik-grubu-marka-tescili-nasil-alinir\/"},"wordCount":1844,"commentCount":0,"publisher":{"@id":"https:\/\/aylarpatent.com\/blog\/#organization"},"image":{"@id":"https:\/\/aylarpatent.com\/blog\/muzik-grubu-marka-tescili-nasil-alinir\/#primaryimage"},"thumbnailUrl":"https:\/\/aylarpatent.com\/blog\/wp-content\/uploads\/2025\/06\/Muzik-Grubu-Marka-Tescili.webp","keywords":["M\u00fczik Grubu Marka Tescili"],"inLanguage":"tr","potentialAction":[{"@type":"CommentAction","name":"Comment","target":["https:\/\/aylarpatent.com\/blog\/muzik-grubu-marka-tescili-nasil-alinir\/#respond"]}]},{"@type":"WebPage","@id":"https:\/\/aylarpatent.com\/blog\/muzik-grubu-marka-tescili-nasil-alinir\/","url":"https:\/\/aylarpatent.com\/blog\/muzik-grubu-marka-tescili-nasil-alinir\/","name":"M\u00fczik Grubu Marka Tescili Nas\u0131l Al\u0131n\u0131r? - Aylar Patent","isPartOf":{"@id":"https:\/\/aylarpatent.com\/blog\/#website"},"primaryImageOfPage":{"@id":"https:\/\/aylarpatent.com\/blog\/muzik-grubu-marka-tescili-nasil-alinir\/#primaryimage"},"image":{"@id":"https:\/\/aylarpatent.com\/blog\/muzik-grubu-marka-tescili-nasil-alinir\/#primaryimage"},"thumbnailUrl":"https:\/\/aylarpatent.com\/blog\/wp-content\/uploads\/2025\/06\/Muzik-Grubu-Marka-Tescili.webp","datePublished":"2025-06-18T09:36:08+00:00","dateModified":"2025-06-18T09:36:14+00:00","description":"M\u00fczik grubu marka tescili, grubun ismini ve imaj\u0131n\u0131 yasal g\u00fcvence alt\u0131na alan, T\u00dcRKPATENT nezdinde y\u00fcr\u00fct\u00fclen resmi bir i\u015flemdir.","breadcrumb":{"@id":"https:\/\/aylarpatent.com\/blog\/muzik-grubu-marka-tescili-nasil-alinir\/#breadcrumb"},"inLanguage":"tr","potentialAction":[{"@type":"ReadAction","target":["https:\/\/aylarpatent.com\/blog\/muzik-grubu-marka-tescili-nasil-alinir\/"]}]},{"@type":"ImageObject","inLanguage":"tr","@id":"https:\/\/aylarpatent.com\/blog\/muzik-grubu-marka-tescili-nasil-alinir\/#primaryimage","url":"https:\/\/aylarpatent.com\/blog\/wp-content\/uploads\/2025\/06\/Muzik-Grubu-Marka-Tescili.webp","contentUrl":"https:\/\/aylarpatent.com\/blog\/wp-content\/uploads\/2025\/06\/Muzik-Grubu-Marka-Tescili.webp","width":1920,"height":1080},{"@type":"BreadcrumbList","@id":"https:\/\/aylarpatent.com\/blog\/muzik-grubu-marka-tescili-nasil-alinir\/#breadcrumb","itemListElement":[{"@type":"ListItem","position":1,"name":"Anasayfa","item":"https:\/\/aylarpatent.com\/blog\/"},{"@type":"ListItem","position":2,"name":"M\u00fczik Grubu Marka Tescili Nas\u0131l Al\u0131n\u0131r?"}]},{"@type":"WebSite","@id":"https:\/\/aylarpatent.com\/blog\/#website","url":"https:\/\/aylarpatent.com\/blog\/","name":"Aylar Patent","description":"","publisher":{"@id":"https:\/\/aylarpatent.com\/blog\/#organization"},"potentialAction":[{"@type":"SearchAction","target":{"@type":"EntryPoint","urlTemplate":"https:\/\/aylarpatent.com\/blog\/?s={search_term_string}"},"query-input":{"@type":"PropertyValueSpecification","valueRequired":true,"valueName":"search_term_string"}}],"inLanguage":"tr"},{"@type":"Organization","@id":"https:\/\/aylarpatent.com\/blog\/#organization","name":"Aylar Patent","url":"https:\/\/aylarpatent.com\/blog\/","logo":{"@type":"ImageObject","inLanguage":"tr","@id":"https:\/\/aylarpatent.com\/blog\/#\/schema\/logo\/image\/","url":"https:\/\/aylarpatent.com\/blog\/wp-content\/uploads\/2024\/09\/logoK-1.webp","contentUrl":"https:\/\/aylarpatent.com\/blog\/wp-content\/uploads\/2024\/09\/logoK-1.webp","width":166,"height":63,"caption":"Aylar Patent"},"image":{"@id":"https:\/\/aylarpatent.com\/blog\/#\/schema\/logo\/image\/"}},{"@type":"Person","@id":"https:\/\/aylarpatent.com\/blog\/#\/schema\/person\/1a3758e6773724a703b3b2aab525ce8c","name":"admin","image":{"@type":"ImageObject","inLanguage":"tr","@id":"https:\/\/aylarpatent.com\/blog\/#\/schema\/person\/image\/","url":"https:\/\/secure.gravatar.com\/avatar\/01214ab657a3fffb9bad5e80515ee883ef573257c3c11761fd3965e705f29d54?s=96&d=mm&r=g","contentUrl":"https:\/\/secure.gravatar.com\/avatar\/01214ab657a3fffb9bad5e80515ee883ef573257c3c11761fd3965e705f29d54?s=96&d=mm&r=g","caption":"admin"},"url":"https:\/\/aylarpatent.com\/blog\/author\/admin\/"}]}},"rttpg_featured_image_url":{"full":["https:\/\/aylarpatent.com\/blog\/wp-content\/uploads\/2025\/06\/Muzik-Grubu-Marka-Tescili.webp",1920,1080,false],"landscape":["https:\/\/aylarpatent.com\/blog\/wp-content\/uploads\/2025\/06\/Muzik-Grubu-Marka-Tescili.webp",1920,1080,false],"portraits":["https:\/\/aylarpatent.com\/blog\/wp-content\/uploads\/2025\/06\/Muzik-Grubu-Marka-Tescili.webp",1920,1080,false],"thumbnail":["https:\/\/aylarpatent.com\/blog\/wp-content\/uploads\/2025\/06\/Muzik-Grubu-Marka-Tescili-150x150.webp",150,150,true],"medium":["https:\/\/aylarpatent.com\/blog\/wp-content\/uploads\/2025\/06\/Muzik-Grubu-Marka-Tescili-300x169.webp",300,169,true],"large":["https:\/\/aylarpatent.com\/blog\/wp-content\/uploads\/2025\/06\/Muzik-Grubu-Marka-Tescili-1024x576.webp",840,473,true],"1536x1536":["https:\/\/aylarpatent.com\/blog\/wp-content\/uploads\/2025\/06\/Muzik-Grubu-Marka-Tescili-1536x864.webp",1536,864,true],"2048x2048":["https:\/\/aylarpatent.com\/blog\/wp-content\/uploads\/2025\/06\/Muzik-Grubu-Marka-Tescili.webp",1920,1080,false],"post-thumbnail":["https:\/\/aylarpatent.com\/blog\/wp-content\/uploads\/2025\/06\/Muzik-Grubu-Marka-Tescili-1200x675.webp",1200,675,true]},"rttpg_author":{"display_name":"admin","author_link":"https:\/\/aylarpatent.com\/blog\/author\/admin\/"},"rttpg_comment":0,"rttpg_category":"<a href=\"https:\/\/aylarpatent.com\/blog\/category\/genel\/\" rel=\"category tag\">Genel<\/a>","rttpg_excerpt":"M\u00fczik grubu marka tescili, grubun ismini ve imaj\u0131n\u0131 yasal g\u00fcvence alt\u0131na alan, T\u00dcRKPATENT nezdinde y\u00fcr\u00fct\u00fclen resmi bir i\u015flemdir. Bu sayede grubun ad\u0131, izinsiz kullan\u0131mlara kar\u015f\u0131 korunur ve ticari haklar g\u00fcvence alt\u0131na al\u0131n\u0131r. Tescil s\u00fcrecinde yap\u0131lacak do\u011fru s\u0131n\u0131f se\u00e7imi ve ba\u015fvuru ad\u0131mlar\u0131, uzun vadeli hukuki koruman\u0131n temelini olu\u015fturur. Profesyonel destekle ilerlemek, s\u00fcrecin hatas\u0131z tamamlanmas\u0131n\u0131 sa\u011flar. M\u00fczik&hellip;","_links":{"self":[{"href":"https:\/\/aylarpatent.com\/blog\/wp-json\/wp\/v2\/posts\/326","targetHints":{"allow":["GET"]}}],"collection":[{"href":"https:\/\/aylarpatent.com\/blog\/wp-json\/wp\/v2\/posts"}],"about":[{"href":"https:\/\/aylarpatent.com\/blog\/wp-json\/wp\/v2\/types\/post"}],"author":[{"embeddable":true,"href":"https:\/\/aylarpatent.com\/blog\/wp-json\/wp\/v2\/users\/2"}],"replies":[{"embeddable":true,"href":"https:\/\/aylarpatent.com\/blog\/wp-json\/wp\/v2\/comments?post=326"}],"version-history":[{"count":1,"href":"https:\/\/aylarpatent.com\/blog\/wp-json\/wp\/v2\/posts\/326\/revisions"}],"predecessor-version":[{"id":330,"href":"https:\/\/aylarpatent.com\/blog\/wp-json\/wp\/v2\/posts\/326\/revisions\/330"}],"wp:featuredmedia":[{"embeddable":true,"href":"https:\/\/aylarpatent.com\/blog\/wp-json\/wp\/v2\/media\/327"}],"wp:attachment":[{"href":"https:\/\/aylarpatent.com\/blog\/wp-json\/wp\/v2\/media?parent=326"}],"wp:term":[{"taxonomy":"category","embeddable":true,"href":"https:\/\/aylarpatent.com\/blog\/wp-json\/wp\/v2\/categories?post=326"},{"taxonomy":"post_tag","embeddable":true,"href":"https:\/\/aylarpatent.com\/blog\/wp-json\/wp\/v2\/tags?post=326"}],"curies":[{"name":"wp","href":"https:\/\/api.w.org\/{rel}","templated":true}]}}