{"id":79,"date":"2026-03-25T14:56:42","date_gmt":"2026-03-25T11:56:42","guid":{"rendered":"https:\/\/aylarpatent.com\/blog\/?p=79"},"modified":"2026-03-25T19:21:34","modified_gmt":"2026-03-25T16:21:34","slug":"endustriyel-tasarim-nedir-tasarim-tescili-nasil-alinir","status":"publish","type":"post","link":"https:\/\/aylarpatent.com\/blog\/endustriyel-tasarim-nedir-tasarim-tescili-nasil-alinir\/","title":{"rendered":"End\u00fcstriyel Tasar\u0131m Nedir? Tasar\u0131m Tescili Nas\u0131l Al\u0131n\u0131r? 2026 G\u00fcncel Rehber"},"content":{"rendered":"<p><!-- ============================================================ \ud83d\udccc \u00d6NER\u0130LEN BA\u015eLIK (H1 \u2014 Sayfaya Manuel Eklenecek): End\u00fcstriyel Tasar\u0131m Nedir? Tasar\u0131m Tescili Nas\u0131l Al\u0131n\u0131r? 2026 G\u00fcncel Rehber \ud83d\udccc \u00d6NER\u0130LEN META DESCRIPTION (158 karakter): End\u00fcstriyel tasar\u0131m tescili 2026: Ba\u015fvuru ad\u0131mlar\u0131, 2.070 TL g\u00fcncel \u00fccretler, gerekli belgeler, yenilik kriteri, 25 y\u0131la kadar koruma. Uzman rehberi. ============================================================ --><\/p>\n<p><script type=\"application\/ld+json\">{\"@context\":\"https:\/\/schema.org\",\"@type\":\"Article\",\"headline\":\"End\u00fcstriyel Tasar\u0131m Nedir? Tasar\u0131m Tescili Nas\u0131l Al\u0131n\u0131r? 2026 G\u00fcncel Rehber\",\"description\":\"End\u00fcstriyel tasar\u0131m tescili 2026 rehberi: Ba\u015fvuru ad\u0131mlar\u0131, g\u00fcncel T\u00dcRKPATENT \u00fccretleri, gerekli belgeler, yenilik kriteri, yay\u0131m ertelemesi ve 25 y\u0131la kadar koruma.\",\"datePublished\":\"2024-10-21\",\"dateModified\":\"2026-03-01\",\"author\":{\"@type\":\"Person\",\"name\":\"Av. Atakan AYLAR\",\"jobTitle\":\"Avukat ve Marka Vekili\",\"url\":\"https:\/\/aylarpatent.com\"},\"publisher\":{\"@type\":\"Organization\",\"name\":\"Aylar Patent\",\"url\":\"https:\/\/aylarpatent.com\",\"logo\":{\"@type\":\"ImageObject\",\"url\":\"https:\/\/aylarpatent.com\/logo.png\"}},\"mainEntityOfPage\":{\"@type\":\"WebPage\",\"@id\":\"https:\/\/aylarpatent.com\/blog\/endustriyel-tasarim-nedir-tasarim-tescili-nasil-alinir\/\"}}<\/script> <script type=\"application\/ld+json\">{\"@context\":\"https:\/\/schema.org\",\"@type\":\"FAQPage\",\"mainEntity\":[{\"@type\":\"Question\",\"name\":\"End\u00fcstriyel tasar\u0131m nedir?\",\"acceptedAnswer\":{\"@type\":\"Answer\",\"text\":\"End\u00fcstriyel tasar\u0131m, sanayi yoluyla \u00fcretilen bir \u00fcr\u00fcn\u00fcn t\u00fcm\u00fc veya bir par\u00e7as\u0131n\u0131n \u00e7izgi, \u015fekil, bi\u00e7im, renk, doku, malzeme veya y\u00fczey i\u015flemesi gibi insan duyular\u0131yla alg\u0131lanabilen g\u00f6rsel \u00f6zelliklerinin kazand\u0131rd\u0131\u011f\u0131 \u00f6zg\u00fcn g\u00f6r\u00fcn\u00fcmd\u00fcr. 6769 say\u0131l\u0131 SMK'n\u0131n 55. maddesinde tan\u0131mlanm\u0131\u015ft\u0131r.\"}},{\"@type\":\"Question\",\"name\":\"Tasar\u0131m tescili ka\u00e7 y\u0131l koruma sa\u011flar?\",\"acceptedAnswer\":{\"@type\":\"Answer\",\"text\":\"Tasar\u0131m tescili, ba\u015fvuru tarihinden itibaren 5 y\u0131l s\u00fcreyle koruma sa\u011flar. Bu s\u00fcre, 5'er y\u0131ll\u0131k d\u00f6nemler halinde toplam 25 y\u0131la kadar yenilenebilir.\"}},{\"@type\":\"Question\",\"name\":\"Tasar\u0131m tescili 2026 \u00fccreti ne kadar?\",\"acceptedAnswer\":{\"@type\":\"Answer\",\"text\":\"2026 y\u0131l\u0131nda T\u00dcRKPATENT'e \u00f6denen tasar\u0131m tescil ba\u015fvuru \u00fccreti 2.070 TL'dir. \u0130lave 2. tasar\u0131m i\u00e7in 1.674,90 TL, ilave 3., 4. ve 5. tasar\u0131mlar i\u00e7in her biri 318,70 TL, 6. ve sonras\u0131 her bir tasar\u0131m i\u00e7in 760 TL ek \u00fccret \u00f6denir.\"}},{\"@type\":\"Question\",\"name\":\"Tasar\u0131m tescili i\u00e7in hangi belgeler gereklidir?\",\"acceptedAnswer\":{\"@type\":\"Answer\",\"text\":\"Gerekli belgeler: Ba\u015fvuru formu (EPATS \u00fczerinden), tasar\u0131m\u0131n t\u00fcm a\u00e7\u0131lardan g\u00f6rselleri (\u00f6n, arka, yan, \u00fcst, perspektif), \u00fcr\u00fcn ad\u0131 ve Locarno s\u0131n\u0131f\u0131, ba\u015fvuru sahibi bilgileri, har\u00e7 \u00f6deme dekontu, varsa vek\u00e2letname ve r\u00fc\u00e7han hakk\u0131 belgesi.\"}},{\"@type\":\"Question\",\"name\":\"Tescilsiz tasar\u0131m korunabilir mi?\",\"acceptedAnswer\":{\"@type\":\"Answer\",\"text\":\"Evet, s\u0131n\u0131rl\u0131 \u00f6l\u00e7\u00fcde. SMK kapsam\u0131nda tescilsiz tasar\u0131mlar, kamuya ilk sunulu\u015f tarihinden itibaren 3 y\u0131l boyunca yaln\u0131zca birebir kopyalamaya kar\u015f\u0131 korunur. Bu koruma tescilli tasar\u0131ma g\u00f6re \u00e7ok daha s\u0131n\u0131rl\u0131d\u0131r.\"}},{\"@type\":\"Question\",\"name\":\"Yay\u0131m ertelemesi nedir?\",\"acceptedAnswer\":{\"@type\":\"Answer\",\"text\":\"Yay\u0131m ertelemesi, ba\u015fvuru sahibinin talebiyle tasar\u0131m\u0131n Resmi B\u00fclten'deki yay\u0131m\u0131n\u0131n 30 aya kadar ertelenmesidir. Bu s\u00fcre zarf\u0131nda tasar\u0131m\u0131n g\u00f6rsel i\u00e7erikleri gizli tutulur; yaln\u0131zca ba\u015fvuru tarihi ve s\u0131n\u0131f\u0131 b\u00fcltende yer al\u0131r.\"}},{\"@type\":\"Question\",\"name\":\"Tasar\u0131m tescili ile patent aras\u0131ndaki fark nedir?\",\"acceptedAnswer\":{\"@type\":\"Answer\",\"text\":\"Tasar\u0131m tescili, \u00fcr\u00fcn\u00fcn g\u00f6rsel ve estetik \u00f6zelliklerini (\u015fekil, renk, doku) korur; 5+5 y\u0131ll\u0131k d\u00f6nemlerle en fazla 25 y\u0131l ge\u00e7erlidir. Patent ise bir teknik bulu\u015fu veya i\u015fleyi\u015f prensibini korur; 20 y\u0131l ge\u00e7erlidir ve yenilenemez.\"}}]}<\/script> <script type=\"application\/ld+json\">{\"@context\":\"https:\/\/schema.org\",\"@type\":\"SpeakableSpecification\",\"cssSelector\":[\"#ai-bakisi\",\"#tasarim-nedir\",\"#basvuru-sureci\",\"#ucretler-2026\"]}<\/script><\/p>\n<style>.et26{font-family:'Segoe UI',Tahoma,Geneva,Verdana,sans-serif;color:#222;line-height:1.8;font-size:16px;width:100%;max-width:100%;background:#fff}.et26 *{box-sizing:border-box}.et26 h2{font-size:1.42rem;color:#1a3e69;font-weight:700;margin:2.2rem 0 1rem;padding-bottom:.4rem;border-bottom:2px solid #1a3e69}.et26 h3{font-size:1.08rem;color:#1a3e69;font-weight:700;margin:1.5rem 0 .5rem}.et26 p{margin-bottom:1rem}.et26 ul,.et26 ol{padding-left:1.5rem;margin-bottom:1rem}.et26 li{margin-bottom:.45rem}.et26 a{color:#1a3e69;text-decoration:underline}.et26 a:hover{opacity:.8}.et26 strong{color:#1a3e69}.et26 .ai-box{background:#eef2f8;padding:1.5rem 1.8rem;margin-bottom:2rem;width:100%}.et26 .ai-box-title{font-size:1.05rem;font-weight:700;color:#1a3e69;margin-bottom:.9rem;display:flex;align-items:center;gap:.5rem}.et26 .ai-box p,.et26 .ai-box li{font-size:.93rem}.et26 details.toc-wrap{background:#eef2f8;padding:1.2rem 1.5rem;margin-bottom:2rem;width:100%}.et26 details.toc-wrap summary{display:flex;justify-content:space-between;align-items:center;cursor:pointer;list-style:none;font-size:1rem;font-weight:700;color:#1a3e69;user-select:none}.et26 details.toc-wrap summary::-webkit-details-marker{display:none}.et26 details.toc-wrap summary::after{content:'+';border:1px solid #1a3e69;color:#1a3e69;font-size:.8rem;padding:1px 8px;line-height:1.8}.et26 details.toc-wrap[open] summary::after{content:'\u2212'}.et26 .toc-list{margin-top:1rem;padding-left:0;list-style:none}.et26 .toc-list li{margin-bottom:.32rem}.et26 .toc-list a{color:#1a3e69;text-decoration:none;font-size:.88rem}.et26 .toc-list a:hover{text-decoration:underline}.et26 .toc-list .sub{padding-left:1.1rem}.et26 .toc-list .sub a{font-size:.83rem}.et26 .step-block{display:flex;gap:1.1rem;margin-bottom:1.8rem;align-items:flex-start;width:100%}.et26 .step-num{background:#1a3e69;color:#fff;min-width:40px;height:40px;border-radius:50%;display:flex;align-items:center;justify-content:center;font-weight:700;font-size:1rem;flex-shrink:0}.et26 .step-content{flex:1}.et26 .step-content h3{margin-top:0;margin-bottom:.4rem}.et26 .step-content p,.et26 .step-content ul{font-size:.94rem}.et26 .step-divider{border:none;border-top:1px dashed #c8d7ea;margin:0 0 1.8rem 3.1rem}.et26 .compare-table{width:100%;border-collapse:collapse;margin:1rem 0;font-size:.87rem}.et26 .compare-table th{background:#1a3e69;color:#fff;padding:.55rem .9rem;text-align:left}.et26 .compare-table td{padding:.5rem .9rem;border-bottom:1px solid #dde5ef;vertical-align:top}.et26 .compare-table tr:nth-child(even) td{background:#f4f7fb}.et26 .compare-table .total-row td{font-weight:700;color:#1a3e69;background:#eef2f8}.et26 .fee-table{width:100%;border-collapse:collapse;margin:1rem 0;font-size:.88rem}.et26 .fee-table th{background:#1a3e69;color:#fff;padding:.55rem .9rem;text-align:left}.et26 .fee-table td{padding:.5rem .9rem;border-bottom:1px solid #dde5ef}.et26 .fee-table tr:nth-child(even) td{background:#f4f7fb}.et26 .fee-table .total-row td{font-weight:700;color:#1a3e69;background:#eef2f8}.et26 .criteria-grid{display:grid;grid-template-columns:1fr 1fr;gap:1rem;margin:1.2rem 0}.et26 .criteria-card{background:#f4f7fb;padding:1rem 1.1rem}.et26 .criteria-card h4{color:#1a3e69;font-size:.9rem;font-weight:700;margin:0 0 .4rem}.et26 .criteria-card p{font-size:.85rem;margin:0}.et26 .highlight-box{background:#eef2f8;padding:1rem 1.4rem;margin:1.2rem 0;width:100%}.et26 .highlight-box p{margin:0;font-size:.92rem}.et26 .warn-box{background:#fff8e1;border-left:4px solid #e6a817;padding:1rem 1.4rem;margin:1.2rem 0;width:100%}.et26 .warn-box p{margin:0;font-size:.92rem}.et26 .success-box{background:#e8f5e9;border-left:4px solid #2e7d32;padding:1rem 1.4rem;margin:1.2rem 0;width:100%}.et26 .success-box p{margin:0;font-size:.92rem}.et26 .doc-grid{display:grid;grid-template-columns:1fr 1fr;gap:.8rem;margin:1rem 0}.et26 .doc-card{background:#f4f7fb;padding:.75rem 1rem;font-size:.88rem}.et26 .doc-card strong{color:#1a3e69;display:block;margin-bottom:.25rem;font-size:.85rem}.et26 .cta-box{background:#1a3e69;color:#fff;padding:1.5rem 1.8rem;margin:2rem 0;text-align:center;width:100%}.et26 .cta-box p{color:#fff;margin-bottom:.5rem;font-size:.95rem}.et26 .cta-box a{color:#fff;font-weight:700;font-size:1.1rem;text-decoration:none}.et26 details.faq-item{margin-bottom:.6rem}.et26 details.faq-item summary{font-weight:600;color:#1a3e69;cursor:pointer;display:flex;justify-content:space-between;align-items:center;padding:.7rem 1rem;background:#eef2f8;font-size:.93rem;list-style:none;user-select:none}.et26 details.faq-item summary::-webkit-details-marker{display:none}.et26 details.faq-item summary::after{content:'+';font-size:1.3rem;line-height:1;flex-shrink:0;margin-left:.5rem}.et26 details.faq-item[open] summary::after{content:'\u00d7'}.et26 .faq-a{padding:.8rem 1rem;font-size:.91rem;background:#f8fafd}.et26 .author-box{display:flex;gap:1.5rem;background:#eef2f8;padding:1.5rem;margin-top:2.5rem;align-items:flex-start;width:100%}.et26 .author-icon{width:58px;height:58px;background:#1a3e69;border-radius:50%;display:flex;align-items:center;justify-content:center;flex-shrink:0}.et26 .author-icon svg{width:32px;height:32px;fill:#fff}.et26 .author-info h4{color:#1a3e69;font-size:.96rem;margin-bottom:.7rem;font-weight:700}.et26 .author-table{width:100%;border-collapse:collapse;font-size:.86rem;table-layout:fixed}.et26 .author-table td{padding:.35rem .5rem;vertical-align:top;word-break:break-word;border-bottom:1px solid #dde5ef}.et26 .author-table tr:last-child td{border-bottom:none}.et26 .author-table td:first-child{font-weight:700;color:#1a3e69;width:170px}@media(max-width:640px){.et26 .author-box{flex-direction:column}.et26 h2{font-size:1.15rem}.et26 .step-block{flex-direction:column}.et26 .step-num{margin-bottom:.3rem}.et26 .step-divider{margin-left:0}.et26 .criteria-grid,.et26 .doc-grid{grid-template-columns:1fr}.et26 .fee-table th,.et26 .fee-table td,.et26 .compare-table th,.et26 .compare-table td{padding:.35rem .5rem;font-size:.78rem}.et26 .author-table td:first-child{width:130px}}<\/style>\n<div class=\"et26\">\n<p><!-- AI BAKI\u015e KUTUSU --><\/p>\n<div id=\"ai-bakisi\" class=\"ai-box\">\n<div class=\"ai-box-title\">End\u00fcstriyel Tasar\u0131m Tescili 2026<\/div>\n<p><strong>End\u00fcstriyel tasar\u0131m<\/strong>, sanayi yoluyla \u00fcretilen bir \u00fcr\u00fcn\u00fcn \u00e7izgi, \u015fekil, renk, doku ve y\u00fczey i\u015flemesi gibi g\u00f6rsel \u00f6zellikleriyle kazand\u0131\u011f\u0131 \u00f6zg\u00fcn d\u0131\u015f g\u00f6r\u00fcn\u00fcmd\u00fcr. <strong>Tasar\u0131m tescili<\/strong>, bu g\u00f6r\u00fcn\u00fcm\u00fcn T\u00dcRKPATENT&#8217;e ba\u015fvuru yap\u0131larak yasal koruma alt\u0131na al\u0131nmas\u0131 i\u015flemidir.<\/p>\n<ul>\n<li><strong>Koruma s\u00fcresi:<\/strong> 5 y\u0131l (5&#8217;er y\u0131ll\u0131k d\u00f6nemlerle toplam <strong>25 y\u0131la<\/strong> kadar yenilenebilir)<\/li>\n<li><strong>2026 Ba\u015fvuru \u00dccreti:<\/strong> Tek tasar\u0131m <strong>2.070 TL<\/strong>, ilave 2. tasar\u0131m <strong>1.674,90 TL<\/strong><\/li>\n<li><strong>Temel \u015fartlar:<\/strong> Tasar\u0131m\u0131n <strong>yeni<\/strong> (daha \u00f6nce kamuya sunulmam\u0131\u015f) ve <strong>ay\u0131rt edici<\/strong> olmas\u0131 zorunludur<\/li>\n<li><strong>S\u00fcre\u00e7:<\/strong> Ba\u015fvurudan tescile kadar ortalama <strong>6\u201312 ay<\/strong><\/li>\n<li><strong>\u00d6zel imk\u00e2n:<\/strong> Yay\u0131m ertelemesiyle tasar\u0131m g\u00f6rsel i\u00e7erikleri <strong>30 aya kadar<\/strong> gizli tutulabilir<\/li>\n<\/ul>\n<\/div>\n<p><!-- \u0130\u00c7\u0130NDEK\u0130LER --><\/p>\n<details class=\"toc-wrap\" open=\"\">\n<summary>\ud83d\udccb \u0130\u00e7indekiler<\/summary>\n<ul class=\"toc-list\">\n<li><a href=\"#tasarim-nedir\">1. End\u00fcstriyel Tasar\u0131m Nedir?<\/a><\/li>\n<li><a href=\"#sartlar\">2. Tescil \u015eartlar\u0131: Yenilik ve Ay\u0131rt Edicilik<\/a><\/li>\n<li><a href=\"#neden-onemli\">3. Tasar\u0131m Tescili Neden \u00d6nemlidir?<\/a><\/li>\n<li><a href=\"#basvuru-sureci\">4. Tasar\u0131m Tescili Nas\u0131l Al\u0131n\u0131r? \u2014 5 Ad\u0131m<\/a><\/li>\n<li><a href=\"#belgeler\">5. Gerekli Belgeler<\/a><\/li>\n<li><a href=\"#gorseller\">6. G\u00f6rsel Anlat\u0131m Nas\u0131l Haz\u0131rlan\u0131r?<\/a><\/li>\n<li><a href=\"#ucretler-2026\">7. Tasar\u0131m Tescili \u00dccretleri 2026<\/a><\/li>\n<li><a href=\"#sure\">8. Koruma S\u00fcresi ve Yenileme<\/a><\/li>\n<li><a href=\"#yayim-erteleme\">9. Yay\u0131m Ertelemesi Nedir?<\/a><\/li>\n<li><a href=\"#coklu\">10. \u00c7oklu Tasar\u0131m Ba\u015fvurusu<\/a><\/li>\n<li><a href=\"#ruchan\">11. R\u00fc\u00e7han Hakk\u0131<\/a><\/li>\n<li><a href=\"#tescilsiz\">12. Tescilsiz Tasar\u0131m Korumas\u0131<\/a><\/li>\n<li><a href=\"#patent-fark\">13. Tasar\u0131m, Patent ve Marka Aras\u0131ndaki Fark<\/a><\/li>\n<li><a href=\"#uluslararasi\">14. Uluslararas\u0131 Tasar\u0131m Tescili (Lahey Sistemi)<\/a><\/li>\n<li><a href=\"#hatalar\">15. S\u0131k Yap\u0131lan Hatalar<\/a><\/li>\n<li><a href=\"#sss\">16. S\u0131k\u00e7a Sorulan Sorular<\/a><\/li>\n<\/ul>\n<\/details>\n<p><!-- B\u00d6L\u00dcM 1 --><\/p>\n<h2 id=\"tasarim-nedir\">End\u00fcstriyel Tasar\u0131m Nedir?<\/h2>\n<p><strong>End\u00fcstriyel tasar\u0131m<\/strong>, <strong>6769 say\u0131l\u0131 S\u0131nai M\u00fclkiyet Kanunu&#8217;nun (SMK) 55. maddesi<\/strong> \u00e7er\u00e7evesinde tan\u0131mlanm\u0131\u015f olup; sanayi yoluyla \u00fcretilebilir bir \u00fcr\u00fcn\u00fcn t\u00fcm\u00fc veya bir par\u00e7as\u0131n\u0131n, \u00e7izgi, \u015fekil, bi\u00e7im, renk, doku, malzeme veya y\u00fczey i\u015flemesinden kaynaklanan \u00f6zg\u00fcn d\u0131\u015f g\u00f6r\u00fcn\u00fcm\u00fcd\u00fcr.<\/p>\n<p>Tasar\u0131m kapsam\u0131na giren unsurlar:<\/p>\n<ul>\n<li><strong>\u015eekil ve bi\u00e7im:<\/strong> \u00dcr\u00fcn\u00fcn \u00fc\u00e7 boyutlu formu, konturlar\u0131, hatlar\u0131<\/li>\n<li><strong>Renk ve renk kombinasyonlar\u0131:<\/strong> Markal\u0131 renkler, \u00f6zg\u00fcn renk paletleri<\/li>\n<li><strong>Doku ve y\u00fczey i\u015flemeleri:<\/strong> Mat\/parlak y\u00fczeyler, dokusal \u00f6r\u00fcnt\u00fcler<\/li>\n<li><strong>Malzeme g\u00f6r\u00fcn\u00fcm\u00fc:<\/strong> Kullan\u0131lan malzemenin insan duyular\u0131yla alg\u0131lanabilen \u00f6zellikleri<\/li>\n<li><strong>Grafik ve s\u00fcsleme unsurlar\u0131:<\/strong> \u00dcr\u00fcn y\u00fczeyindeki desenler, bask\u0131lar<\/li>\n<\/ul>\n<p>Mobilya, giyim, elektronik cihazlar, ambalaj tasar\u0131mlar\u0131, otomotiv aksesuarlar\u0131, end\u00fcstriyel makineler, tekstil \u00fcr\u00fcnleri, ayakkab\u0131 ve tak\u0131 gibi sanayi yoluyla \u00fcretilebilen t\u00fcm \u00fcr\u00fcn kategorileri tasar\u0131m tescilinin kapsam\u0131ndad\u0131r.<\/p>\n<div class=\"highlight-box\">\n<p>\ud83d\udca1 <strong>\u00d6nemli:<\/strong> Bir \u00fcr\u00fcn\u00fcn yaln\u0131zca teknik i\u015flevinden kaynaklanan g\u00f6r\u00fcn\u00fcm unsurlar\u0131 (\u00f6rne\u011fin bir vidan\u0131n di\u015f formu, yaln\u0131zca i\u015flev i\u00e7in gerekli \u015fekli) tasar\u0131m korumas\u0131ndan yararlanamaz. Tasar\u0131m; estetik veya g\u00f6rsel \u00f6zg\u00fcnl\u00fck ta\u015f\u0131mal\u0131d\u0131r.<\/p>\n<\/div>\n<p><!-- B\u00d6L\u00dcM 2 --><\/p>\n<h2 id=\"sartlar\">Tasar\u0131m Tescil \u015eartlar\u0131: Yenilik ve Ay\u0131rt Edicilik<\/h2>\n<p>6769 say\u0131l\u0131 SMK&#8217;n\u0131n 56. maddesi uyar\u0131nca, bir tasar\u0131m\u0131n tescil edilebilmesi i\u00e7in iki temel kriterin kar\u015f\u0131lanmas\u0131 zorunludur:<\/p>\n<div class=\"criteria-grid\">\n<div class=\"criteria-card\">\n<h4>\ud83d\udd35 Yenilik Kriteri<\/h4>\n<p>Tasar\u0131m, ba\u015fvuru tarihinden \u00f6nce <strong>d\u00fcnyan\u0131n herhangi bir yerinde kamuya sunulmam\u0131\u015f<\/strong> olmal\u0131d\u0131r. Tasar\u0131m, \u00f6nceki herhangi bir tasar\u0131mdan yaln\u0131zca k\u00fc\u00e7\u00fck detaylarda farkl\u0131ysa yeni say\u0131lmaz. Kamuya sunum; sat\u0131\u015f, sergileme, yay\u0131n veya ba\u015fka herhangi bir yolla ger\u00e7ekle\u015febilir.<\/p>\n<\/div>\n<div class=\"criteria-card\">\n<h4>\ud83d\udfe1 Ay\u0131rt Edicilik Kriteri<\/h4>\n<p>Tasar\u0131m, bilgilenmi\u015f kullan\u0131c\u0131 \u00fczerinde \u00f6nceki tasar\u0131mlardan <strong>farkl\u0131 bir genel izlenim<\/strong> uyand\u0131rmal\u0131d\u0131r. Tasar\u0131mc\u0131n\u0131n serbestlik alan\u0131 de\u011ferlendirmede g\u00f6z \u00f6n\u00fcnde bulundurulur. Yaln\u0131zca k\u00fc\u00e7\u00fck detay farkl\u0131l\u0131klar\u0131 ay\u0131rt edicilik i\u00e7in yeterli de\u011fildir.<\/p>\n<\/div>\n<\/div>\n<h3>Tasar\u0131m Tescilinin \u0130stisnalar\u0131 (Tescil Edilemeyen Unsurlar)<\/h3>\n<ul>\n<li>Yaln\u0131zca teknik i\u015flevden kaynaklanan g\u00f6r\u00fcn\u00fcm \u00f6zellikleri<\/li>\n<li>Kamu d\u00fczenine veya genel ahlaka ayk\u0131r\u0131 tasar\u0131mlar<\/li>\n<li>Ba\u015fka bir eserin izinsiz kullan\u0131ld\u0131\u011f\u0131 tasar\u0131mlar<\/li>\n<li>\u00dclke, \u015fehir veya devlet sembollerini i\u00e7eren tasar\u0131mlar (yetkisiz kullan\u0131m)<\/li>\n<li>Aldat\u0131c\u0131 nitelik ta\u015f\u0131yan tasar\u0131mlar<\/li>\n<\/ul>\n<div class=\"warn-box\">\n<p>\u26a0\ufe0f <strong>Kamuya Sunum Tuza\u011f\u0131:<\/strong> Tasar\u0131m\u0131n\u0131z\u0131 ba\u015fvuru yapmadan \u00f6nce sosyal medyada payla\u015f\u0131r, fuarda sergiler veya sat\u0131\u015fa \u00e7\u0131kar\u0131rsan\u0131z &#8220;yenilik&#8221; kriteri ortadan kalkar ve tescil ba\u015fvurunuz reddedilebilir. Tasar\u0131m\u0131 kamuoyuyla payla\u015fmadan <strong>\u00f6nce<\/strong> tescil ba\u015fvurusu yap\u0131n ya da yay\u0131m ertelemesinden yararlan\u0131n.<\/p>\n<\/div>\n<p><!-- B\u00d6L\u00dcM 3 --><\/p>\n<h2 id=\"neden-onemli\">Tasar\u0131m Tescili Neden \u00d6nemlidir?<\/h2>\n<ul>\n<li><strong>Taklit ve kopyalamaya kar\u015f\u0131 koruma:<\/strong> Tescilli tasar\u0131m\u0131 izinsiz \u00fcreten, satan veya ithal eden ki\u015filere kar\u015f\u0131 men davas\u0131, tazminat davas\u0131 ve ceza davas\u0131 a\u00e7ma hakk\u0131 do\u011far.<\/li>\n<li><strong>E-ticaret korumas\u0131:<\/strong> Trendyol, Amazon, Hepsiburada gibi pazaryerlerinde tescil belgesi ile sahte \u00fcr\u00fcn \u015fik\u00e2yeti yap\u0131labilir ve \u00fcr\u00fcn kald\u0131r\u0131labilir.<\/li>\n<li><strong>Ticari de\u011fer:<\/strong> Tescilli tasar\u0131m devir, lisans veya miras yoluyla aktar\u0131labilir; franchise de\u011feri kazan\u0131r.<\/li>\n<li><strong>Rekabet avantaj\u0131:<\/strong> \u00d6zg\u00fcn tasar\u0131m\u0131n\u0131z\u0131n rakipler taraf\u0131ndan kopyalanmas\u0131 engellenerek pazarda fark yarat\u0131l\u0131r.<\/li>\n<li><strong>Fuarda g\u00fcvenli sunum:<\/strong> Yay\u0131m ertelemesiyle tasar\u0131m\u0131n\u0131z\u0131 rakiplere g\u00f6stermeden \u00f6nce tescil g\u00fcvencesine sahip olursunuz.<\/li>\n<li><strong>Yat\u0131r\u0131mc\u0131 g\u00fcvencesi:<\/strong> Tescilli tasar\u0131m portf\u00f6y\u00fc, \u015firket de\u011ferlemelerinde maddi olmayan duran varl\u0131k olarak yer al\u0131r.<\/li>\n<\/ul>\n<p><!-- B\u00d6L\u00dcM 4 --><\/p>\n<h2 id=\"basvuru-sureci\">Tasar\u0131m Tescili Nas\u0131l Al\u0131n\u0131r? \u2014 2026 Ad\u0131m Ad\u0131m<\/h2>\n<p><a href=\"https:\/\/aylarpatent.com\/\">Marka tescil<\/a> ve tasar\u0131m tescili s\u00fcre\u00e7lerini y\u00fcr\u00fcten T\u00dcRKPATENT&#8217;e yap\u0131lan tasar\u0131m tescil ba\u015fvurusu 5 temel ad\u0131mdan olu\u015fur.<\/p>\n<div class=\"step-block\">\n<div class=\"step-num\">1<\/div>\n<div class=\"step-content\">\n<h3>\u00d6n Ara\u015ft\u0131rma ve \u00d6zg\u00fcnl\u00fck De\u011ferlendirmesi<\/h3>\n<p>Ba\u015fvurudan \u00f6nce, tescil ettirmek istedi\u011finiz tasar\u0131ma benzer tasar\u0131mlar\u0131n daha \u00f6nce ba\u015fvurusunun yap\u0131l\u0131p yap\u0131lmad\u0131\u011f\u0131n\u0131 ara\u015ft\u0131r\u0131n. T\u00dcRKPATENT&#8217;in tasar\u0131m veritaban\u0131ndan sorgulama yap\u0131labilece\u011fi gibi, D\u00fcnya Fikri M\u00fclkiyet \u00d6rg\u00fct\u00fc&#8217;n\u00fcn (WIPO) uluslararas\u0131 tasar\u0131m veritaban\u0131 Hague Express&#8217;ten de ara\u015ft\u0131rma yap\u0131labilir. Profesyonel bir ara\u015ft\u0131rma, benzer tasar\u0131mlarla \u00e7ak\u0131\u015fma riskini minimize eder.<\/p>\n<\/div>\n<\/div>\n<hr class=\"step-divider\" \/>\n<div class=\"step-block\">\n<div class=\"step-num\">2<\/div>\n<div class=\"step-content\">\n<h3>G\u00f6rsel Anlat\u0131m\u0131n Haz\u0131rlanmas\u0131<\/h3>\n<p>Tasar\u0131m tescilinin en kritik ad\u0131m\u0131 g\u00f6rsel anlat\u0131md\u0131r. Tasar\u0131m, <strong>en az 7 farkl\u0131 g\u00f6r\u00fcn\u00fcmde<\/strong> sunulmal\u0131d\u0131r: \u00f6n, arka, sa\u011f yan, sol yan, \u00fcst, alt ve perspektif (genel) g\u00f6r\u00fcn\u00fcm. G\u00f6rseller y\u00fcksek \u00e7\u00f6z\u00fcn\u00fcrl\u00fckl\u00fc (minimum 300 dpi), beyaz veya n\u00f6tr arka planl\u0131 JPEG\/PNG format\u0131nda haz\u0131rlanmal\u0131d\u0131r.<\/p>\n<ul>\n<li>Her g\u00f6r\u00fcn\u00fcm i\u00e7in ayr\u0131, net ve tek \u00fcr\u00fcn\u00fc g\u00f6steren g\u00f6rseller<\/li>\n<li>\u00dcr\u00fcn\u00fcn t\u00fcm ay\u0131rt edici \u00f6zelliklerinin g\u00f6r\u00fcn\u00fcr olmas\u0131 sa\u011flanmal\u0131<\/li>\n<li>Koruma istenmeyen par\u00e7alar kesik \u00e7izgiyle g\u00f6sterilebilir<\/li>\n<li>Renk korumas\u0131 isteniyorsa g\u00f6rseller renkli sunulmal\u0131<\/li>\n<\/ul>\n<\/div>\n<\/div>\n<hr class=\"step-divider\" \/>\n<div class=\"step-block\">\n<div class=\"step-num\">3<\/div>\n<div class=\"step-content\">\n<h3>Locarno S\u0131n\u0131f\u0131n\u0131n Belirlenmesi<\/h3>\n<p>Tasar\u0131m tescil ba\u015fvurular\u0131nda \u00fcr\u00fcn s\u0131n\u0131fland\u0131rmas\u0131, <strong>Locarno Anla\u015fmas\u0131<\/strong> kapsam\u0131ndaki uluslararas\u0131 s\u0131n\u0131fland\u0131rma sistemine g\u00f6re yap\u0131l\u0131r. 32 ana s\u0131n\u0131f ve \u00e7ok say\u0131da alt s\u0131n\u0131ftan olu\u015fan bu sistemde \u00fcr\u00fcn\u00fcn\u00fcz\u00fcn hangi s\u0131n\u0131fa girdi\u011fi do\u011fru tespit edilmelidir. \u00c7oklu tasar\u0131m ba\u015fvurusu yap\u0131lacaksa t\u00fcm tasar\u0131mlar\u0131n ayn\u0131 Locarno s\u0131n\u0131f\u0131nda yer almas\u0131 gerekmektedir.<\/p>\n<\/div>\n<\/div>\n<hr class=\"step-divider\" \/>\n<div class=\"step-block\">\n<div class=\"step-num\">4<\/div>\n<div class=\"step-content\">\n<h3>EPATS \u00dczerinden Online Ba\u015fvuru<\/h3>\n<p>Tasar\u0131m tescil ba\u015fvurusu, T\u00dcRKPATENT&#8217;in <strong>EPATS (Elektronik Ba\u015fvuru Sistemi)<\/strong> \u00fczerinden tamamen online olarak yap\u0131l\u0131r. Sisteme e-Devlet, e-imza veya mobil imza ile giri\u015f yap\u0131l\u0131r. Ba\u015fvuru formu doldurulur, g\u00f6rseller y\u00fcklenir, Locarno s\u0131n\u0131f\u0131 se\u00e7ilir ve ba\u015fvuru harc\u0131 \u00f6denerek dekont sisteme y\u00fcklenir.<\/p>\n<div class=\"success-box\">\n<p>\u2705 Ba\u015fvuru tamamland\u0131ktan sonra al\u0131nan <strong>ba\u015fvuru numaras\u0131<\/strong> ve <strong>ba\u015fvuru tarihi<\/strong>, \u00f6ncelik hakk\u0131n\u0131n ba\u015flad\u0131\u011f\u0131n\u0131 belgeler. Yay\u0131m ertelemesi talep etmek istiyorsan\u0131z bu ad\u0131mda mutlaka belirtilmelidir.<\/p>\n<\/div>\n<\/div>\n<\/div>\n<hr class=\"step-divider\" \/>\n<div class=\"step-block\">\n<div class=\"step-num\">5<\/div>\n<div class=\"step-content\">\n<h3>\u0130nceleme, \u0130lan ve Tescil<\/h3>\n<p>T\u00dcRKPATENT ba\u015fvuruyu \u015fekli ve hukuki a\u00e7\u0131dan inceler:<\/p>\n<ul>\n<li><strong>\u015eekli inceleme:<\/strong> Belge ve form eksiksizli\u011fi kontrol edilir<\/li>\n<li><strong>Yenilik ve ay\u0131rt edicilik incelemesi:<\/strong> Tasar\u0131m\u0131n tescil kriterlerini kar\u015f\u0131lay\u0131p kar\u015f\u0131lamad\u0131\u011f\u0131 de\u011ferlendirilir<\/li>\n<li><strong>Resmi B\u00fclten&#8217;de yay\u0131m:<\/strong> Uygun bulunan tasar\u0131m ilan edilir; \u00fc\u00e7\u00fcnc\u00fc ki\u015filerin itiraz hakk\u0131 do\u011far<\/li>\n<li><strong>Tescil belgesi:<\/strong> \u0130tiraz gelmez veya reddedilirse tasar\u0131m sicile kaydedilir ve tescil belgesi d\u00fczenlenir<\/li>\n<\/ul>\n<\/div>\n<\/div>\n<div class=\"cta-box\">\n<p>Tasar\u0131m tescil ba\u015fvurunuzu en y\u00fcksek ba\u015far\u0131 oran\u0131yla y\u00f6netmek i\u00e7in Av. Atakan AYLAR ekibi yan\u0131n\u0131zda.<\/p>\n<p><a href=\"tel:05417238552\">\ud83d\udcde 0541 723 85 52 \u2014 \u00dccretsiz De\u011ferlendirme \u0130\u00e7in Aray\u0131n<\/a><\/p>\n<\/div>\n<p><!-- B\u00d6L\u00dcM 5 --><\/p>\n<h2 id=\"belgeler\">Tasar\u0131m Tescil Ba\u015fvurusu \u0130\u00e7in Gerekli Belgeler<\/h2>\n<div class=\"doc-grid\">\n<div class=\"doc-card\"><strong>\ud83d\udccb Ba\u015fvuru Formu<\/strong>EPATS sistemi \u00fczerinden doldurulur. Tasar\u0131m sahibi bilgileri, tasar\u0131mc\u0131 bilgileri, \u00fcr\u00fcn ad\u0131 ve Locarno s\u0131n\u0131f\u0131 i\u00e7erir.<\/div>\n<div class=\"doc-card\"><strong>\ud83c\udfa8 G\u00f6rsel Anlat\u0131m<\/strong>Min. 7 farkl\u0131 a\u00e7\u0131dan (\u00f6n, arka, yan, \u00fcst, alt, perspektif) y\u00fcksek \u00e7\u00f6z\u00fcn\u00fcrl\u00fckl\u00fc g\u00f6rseller.<\/div>\n<div class=\"doc-card\"><strong>\ud83e\udeaa Kimlik \/ T\u00fczel Ki\u015fi Bilgileri<\/strong>Ger\u00e7ek ki\u015fi: TC kimlik numaras\u0131. T\u00fczel ki\u015fi: Vergi numaras\u0131 ve ticaret sicil bilgileri.<\/div>\n<div class=\"doc-card\"><strong>\ud83e\uddfe Har\u00e7 \u00d6deme Belgesi<\/strong>Ba\u015fvuru harc\u0131n\u0131n T\u00dcRKPATENT hesab\u0131na yat\u0131r\u0131ld\u0131\u011f\u0131na dair banka dekontu.<\/div>\n<div class=\"doc-card\"><strong>\ud83d\udcc4 Tarifname (\u0130ste\u011fe Ba\u011fl\u0131)<\/strong>Tasar\u0131m\u0131n g\u00f6rsel \u00f6zelliklerini a\u00e7\u0131klayan k\u0131sa metin. Koruma kapsam\u0131n\u0131 netle\u015ftirmek a\u00e7\u0131s\u0131ndan \u00f6nerilir.<\/div>\n<div class=\"doc-card\"><strong>\ud83d\udcc4 Vek\u00e2letname (Varsa)<\/strong>Tasar\u0131m vekili arac\u0131l\u0131\u011f\u0131yla ba\u015fvuru yap\u0131l\u0131yorsa noter onayl\u0131 vek\u00e2letname.<\/div>\n<div class=\"doc-card\"><strong>\ud83c\udf0d \u00d6ncelik Belgesi (Varsa)<\/strong>R\u00fc\u00e7han hakk\u0131 talep ediliyorsa yabanc\u0131 \u00fclkedeki ba\u015fvuruya ait onayl\u0131 \u00f6ncelik belgesi.<\/div>\n<div class=\"doc-card\"><strong>\u23f1 Yay\u0131m Erteleme Talebi (Varsa)<\/strong>Tasar\u0131m\u0131n Resmi B\u00fclten&#8217;de yay\u0131m\u0131n\u0131 30 aya kadar ertelemek i\u00e7in ba\u015fvuruyla birlikte bildirilir.<\/div>\n<\/div>\n<p><!-- B\u00d6L\u00dcM 6 --><\/p>\n<h2 id=\"gorseller\">G\u00f6rsel Anlat\u0131m Nas\u0131l Haz\u0131rlan\u0131r? (2026 T\u00dcRKPATENT Standartlar\u0131)<\/h2>\n<p>Tasar\u0131m tescilinde g\u00f6rsel anlat\u0131m ba\u015fvurunun ba\u015far\u0131s\u0131n\u0131 do\u011frudan etkileyen en kritik unsurdur. Eksik veya d\u00fc\u015f\u00fck kaliteli g\u00f6rseller ba\u015fvurunun \u015fekli incelemede reddedilmesine yol a\u00e7ar.<\/p>\n<h3>G\u00f6rsel Anlat\u0131m Gereksinimleri<\/h3>\n<ul>\n<li><strong>Format:<\/strong> JPEG veya PNG; minimum 300 dpi \u00e7\u00f6z\u00fcn\u00fcrl\u00fck<\/li>\n<li><strong>Arka plan:<\/strong> Beyaz veya n\u00f6tr, d\u00fcz arka plan (g\u00f6lge, doku i\u00e7ermeyen)<\/li>\n<li><strong>G\u00f6r\u00fcn\u00fcmler:<\/strong> Minimum 7 g\u00f6r\u00fcn\u00fcm zorunlu: \u00f6n, arka, sa\u011f yan, sol yan, \u00fcst, alt ve perspektif<\/li>\n<li><strong>Tutarl\u0131l\u0131k:<\/strong> T\u00fcm g\u00f6r\u00fcn\u00fcmler ayn\u0131 \u00fcr\u00fcn\u00fc, ayn\u0131 \u00f6l\u00e7ekte ve net \u015fekilde g\u00f6stermelidir<\/li>\n<li><strong>Renk talebi:<\/strong> Renk korumas\u0131 istenmiyorsa siyah-beyaz; istenmiyorsa renkli sunulabilir<\/li>\n<li><strong>K\u0131smi koruma:<\/strong> \u00dcr\u00fcn\u00fcn tescil istenmeyen k\u0131s\u0131mlar\u0131 kesik \u00e7izgiyle (noktal\u0131 \u00e7izgi) g\u00f6sterilir<\/li>\n<\/ul>\n<div class=\"highlight-box\">\n<p>\ud83d\udca1 Profesyonel \u00fcr\u00fcn foto\u011fraf\u00e7\u0131s\u0131 veya teknik \u00e7izim uzman\u0131yla \u00e7al\u0131\u015fmak, g\u00f6rsellerin T\u00dcRKPATENT standartlar\u0131n\u0131 kar\u015f\u0131lamas\u0131n\u0131 ve koruma kapsam\u0131n\u0131n do\u011fru belirlenmesini sa\u011flar. Yetersiz g\u00f6rseller nedeniyle reddedilen ba\u015fvurular hem zaman hem maliyet kayb\u0131 yarat\u0131r.<\/p>\n<\/div>\n<p><!-- B\u00d6L\u00dcM 7 --><\/p>\n<h2 id=\"ucretler-2026\">Tasar\u0131m Tescili \u00dccretleri 2026 \u2014 G\u00fcncel Resmi Tablo<\/h2>\n<p>A\u015fa\u011f\u0131daki \u00fccretler, T\u00dcRKPATENT&#8217;in 1 Ocak 2026 tarihinde y\u00fcr\u00fcrl\u00fc\u011fe giren resmi tasar\u0131m i\u015flem \u00fccretlerine dayanmaktad\u0131r.<\/p>\n<table class=\"fee-table\">\n<thead>\n<tr>\n<th>\u0130\u015flem<\/th>\n<th>2024 \u00dccreti<\/th>\n<th>2026 \u00dccreti<\/th>\n<\/tr>\n<\/thead>\n<tbody>\n<tr>\n<td>Tasar\u0131m Tescil Ba\u015fvuru \u00dccreti (Tek Tasar\u0131m)<\/td>\n<td>1.200 TL<\/td>\n<td><strong>2.070 TL<\/strong><\/td>\n<\/tr>\n<tr>\n<td>\u0130lave 2. Tasar\u0131m Ba\u015fvuru \u00dccreti<\/td>\n<td>440 TL<\/td>\n<td><strong>1.674,90 TL<\/strong><\/td>\n<\/tr>\n<tr>\n<td>\u0130lave 3., 4. ve 5. Tasar\u0131m (Her Biri)<\/td>\n<td>\u2014<\/td>\n<td><strong>318,70 TL<\/strong><\/td>\n<\/tr>\n<tr>\n<td>\u0130lave 6. ve Sonras\u0131 Her Bir Tasar\u0131m<\/td>\n<td>\u2014<\/td>\n<td><strong>760 TL<\/strong><\/td>\n<\/tr>\n<tr>\n<td>Yay\u0131m \u00dccreti (Her 8\u00d78 cm Alan \u0130\u00e7in)<\/td>\n<td>160 TL<\/td>\n<td>G\u00fcncel tarife i\u00e7in T\u00dcRKPATENT&#8217;e ba\u015fvurun<\/td>\n<\/tr>\n<tr>\n<td>Yay\u0131m Erteleme Talebi \u00dccreti (Her Tasar\u0131m)<\/td>\n<td>160 TL<\/td>\n<td>G\u00fcncel tarife i\u00e7in T\u00dcRKPATENT&#8217;e ba\u015fvurun<\/td>\n<\/tr>\n<\/tbody>\n<\/table>\n<h3>Yenileme \u00dccretleri (2026)<\/h3>\n<table class=\"fee-table\">\n<thead>\n<tr>\n<th>\u0130\u015flem<\/th>\n<th>2026 \u00dccreti<\/th>\n<\/tr>\n<\/thead>\n<tbody>\n<tr>\n<td>Yenileme \u00dccreti (Tek Tasar\u0131m, 5. y\u0131l d\u00f6neminde)<\/td>\n<td>3.670 TL (2024 tarife; 2026 i\u00e7in T\u00dcRKPATENT&#8217;e ba\u015fvurun)<\/td>\n<\/tr>\n<tr>\n<td>\u0130lave Her Bir Tasar\u0131m Yenileme \u00dccreti<\/td>\n<td>290 TL (2024 tarife)<\/td>\n<\/tr>\n<tr>\n<td>Gecikmeli Yenileme (6 Ayl\u0131k Uzat\u0131m)<\/td>\n<td>6.400 TL tek tasar\u0131m (2024 tarife)<\/td>\n<\/tr>\n<\/tbody>\n<\/table>\n<p style=\"font-size: .83rem; color: #555;\">Kaynak: T\u00dcRKPATENT resmi \u00fccret listesi, 1 Ocak 2026 tarihinde y\u00fcr\u00fcrl\u00fc\u011fe girmi\u015ftir. G\u00fcncel tasar\u0131m yenileme \u00fccretlerinin tamam\u0131 i\u00e7in <a href=\"https:\/\/www.turkpatent.gov.tr\/tasarim-islem-ucretleri\" target=\"_blank\" rel=\"noopener\">T\u00dcRKPATENT Tasar\u0131m \u0130\u015flem \u00dccretleri sayfas\u0131n\u0131<\/a> inceleyebilirsiniz.<\/p>\n<div class=\"warn-box\">\n<p>\u26a0\ufe0f Tablodaki \u00fccretler yaln\u0131zca <strong>T\u00dcRKPATENT&#8217;e \u00f6denecek resmi har\u00e7lard\u0131r<\/strong>. Tasar\u0131m vekili hizmet bedeli ayr\u0131ca belirlenmektedir. \u00dccretler KDV dahil olup her y\u0131l g\u00fcncellenmektedir.<\/p>\n<\/div>\n<p><!-- B\u00d6L\u00dcM 8 --><\/p>\n<h2 id=\"sure\">Tasar\u0131m Tescili Koruma S\u00fcresi ve Yenileme<\/h2>\n<p>Tasar\u0131m tescili, <strong>ba\u015fvuru tarihinden itibaren 5 y\u0131l<\/strong> boyunca koruma sa\u011flar. Koruma s\u00fcresi, <strong>5&#8217;er y\u0131ll\u0131k d\u00f6nemler halinde toplam 25 y\u0131la kadar<\/strong> yenilenebilir.<\/p>\n<table class=\"fee-table\">\n<thead>\n<tr>\n<th>D\u00f6nem<\/th>\n<th>Ge\u00e7erlilik S\u00fcresi<\/th>\n<th>A\u00e7\u0131klama<\/th>\n<\/tr>\n<\/thead>\n<tbody>\n<tr>\n<td>1. D\u00f6nem<\/td>\n<td>0\u20135. y\u0131l<\/td>\n<td>Tescil tarihi itibar\u0131yla ilk koruma d\u00f6nemi<\/td>\n<\/tr>\n<tr>\n<td>2. D\u00f6nem<\/td>\n<td>5\u201310. y\u0131l<\/td>\n<td>\u0130lk yenileme; s\u00fcre dolmadan \u00f6nce ba\u015fvuru yap\u0131lmal\u0131<\/td>\n<\/tr>\n<tr>\n<td>3. D\u00f6nem<\/td>\n<td>10\u201315. y\u0131l<\/td>\n<td>\u0130kinci yenileme<\/td>\n<\/tr>\n<tr>\n<td>4. D\u00f6nem<\/td>\n<td>15\u201320. y\u0131l<\/td>\n<td>\u00dc\u00e7\u00fcnc\u00fc yenileme<\/td>\n<\/tr>\n<tr class=\"total-row\">\n<td>5. D\u00f6nem (Son)<\/td>\n<td>20\u201325. y\u0131l<\/td>\n<td>D\u00f6rd\u00fcnc\u00fc ve son yenileme; maksimum koruma s\u00fcresi<\/td>\n<\/tr>\n<\/tbody>\n<\/table>\n<p>Yenileme ba\u015fvurusu, koruma s\u00fcresinin doldu\u011fu tarihten \u00f6nceki <strong>son 6 ay i\u00e7inde<\/strong> yap\u0131lmal\u0131d\u0131r. Bu s\u00fcre ka\u00e7\u0131r\u0131l\u0131rsa, s\u00fcre bitiminden itibaren <strong>6 ayl\u0131k ek s\u00fcre<\/strong> i\u00e7inde gecikmeli yenileme yap\u0131labilir; ancak ek \u00fccret \u00f6denir. Her iki s\u00fcre de ka\u00e7\u0131r\u0131l\u0131rsa tasar\u0131m tescili sona erer.<\/p>\n<p><!-- B\u00d6L\u00dcM 9 --><\/p>\n<h2 id=\"yayim-erteleme\">Yay\u0131m Ertelemesi Nedir? Ne Zaman Kullan\u0131l\u0131r?<\/h2>\n<p><strong>Yay\u0131m ertelemesi<\/strong>, ba\u015fvuru sahibinin talebiyle tasar\u0131m\u0131n Resmi B\u00fclten&#8217;deki yay\u0131m\u0131n\u0131n <strong>30 aya kadar ertelenmesidir<\/strong>. Bu s\u00fcre zarf\u0131nda tasar\u0131m\u0131n g\u00f6rsel i\u00e7erikleri (foto\u011fraf, \u00e7izimler) gizli tutulur; b\u00fcltende yaln\u0131zca ba\u015fvuru tarihi, Locarno s\u0131n\u0131f\u0131 ve yay\u0131m erteleme talebi yay\u0131mlan\u0131r.<\/p>\n<h3>Yay\u0131m Ertelemesi Ne Zaman Tercih Edilmelidir?<\/h3>\n<ul>\n<li><strong>Fuar \u00f6ncesi ba\u015fvuru:<\/strong> \u00dcr\u00fcn\u00fc fuarda tan\u0131tacaksan\u0131z, rakiplerin tasar\u0131m\u0131n\u0131z\u0131 g\u00f6rmeden \u00f6nce tescil g\u00fcvencesi almak istersiniz.<\/li>\n<li><strong>Piyasaya \u00e7\u0131k\u0131\u015f \u00f6ncesi:<\/strong> \u00dcr\u00fcn hen\u00fcz \u00fcretimde veya geli\u015ftirme a\u015famas\u0131ndayken tescil g\u00fcvencesi almak i\u00e7in.<\/li>\n<li><strong>Ticari s\u0131r korumas\u0131:<\/strong> Tasar\u0131m\u0131n stratejik \u00f6nemini korurken yasal g\u00fcvenceden yararlanmak i\u00e7in.<\/li>\n<li><strong>Koleksiyon planlamas\u0131:<\/strong> Tek seferde birden fazla sezon tasar\u0131m\u0131n\u0131 tescil ettirmek isteyenler i\u00e7in.<\/li>\n<\/ul>\n<div class=\"success-box\">\n<p>\u2705 Yay\u0131m ertelemesi talebi, ba\u015fvuru s\u0131ras\u0131nda yap\u0131lmal\u0131d\u0131r. Ba\u015fvuru sonras\u0131nda ek olarak talep edilemez. 30 ayl\u0131k erteleme s\u00fcresi doldu\u011funda veya talep geri \u00e7ekildi\u011finde tasar\u0131m b\u00fcltende yay\u0131mlan\u0131r.<\/p>\n<\/div>\n<p><!-- B\u00d6L\u00dcM 10 --><\/p>\n<h2 id=\"coklu\">\u00c7oklu Tasar\u0131m Ba\u015fvurusu<\/h2>\n<p><strong>\u00c7oklu tasar\u0131m ba\u015fvurusu<\/strong>, ayn\u0131 Locarno s\u0131n\u0131f\u0131na ait birden fazla tasar\u0131m\u0131n tek bir ba\u015fvuru dosyas\u0131nda tescil edilmesidir. Bu y\u00f6ntem, birden fazla tasar\u0131m\u0131 ayr\u0131 ayr\u0131 ba\u015fvurmakla k\u0131yasland\u0131\u011f\u0131nda hem zaman hem de maliyet a\u00e7\u0131s\u0131ndan \u00f6nemli avantaj sa\u011flar.<\/p>\n<ul>\n<li>T\u00fcm tasar\u0131mlar <strong>ayn\u0131 Locarno s\u0131n\u0131f\u0131nda<\/strong> yer almal\u0131d\u0131r<\/li>\n<li>Her tasar\u0131m i\u00e7in ayr\u0131 g\u00f6rsel anlat\u0131m sunulur ve ba\u015fvuru formunda numaraland\u0131r\u0131l\u0131r<\/li>\n<li>2. tasar\u0131m i\u00e7in 1.674,90 TL; 3.\u20135. tasar\u0131mlar i\u00e7in her biri 318,70 TL; 6. ve sonras\u0131 i\u00e7in 760 TL ek \u00fccret \u00f6denir (2026)<\/li>\n<li>\u00c7oklu ba\u015fvuruda tasar\u0131mlardan biri reddedilse dahi di\u011ferleri tescil s\u00fcrecine devam eder<\/li>\n<\/ul>\n<p><!-- B\u00d6L\u00dcM 11 --><\/p>\n<h2 id=\"ruchan\">R\u00fc\u00e7han Hakk\u0131 (\u00d6ncelik Hakk\u0131)<\/h2>\n<p><strong>R\u00fc\u00e7han hakk\u0131<\/strong>, bir \u00fclkede yap\u0131lan tasar\u0131m ba\u015fvurusunun ard\u0131ndan T\u00fcrkiye&#8217;de de ba\u015fvuru yap\u0131lmas\u0131 durumunda, ilk ba\u015fvuru tarihinin \u00f6ncelikli tarih olarak kabul edilmesidir.<\/p>\n<ul>\n<li>R\u00fc\u00e7han hakk\u0131, ilk yabanc\u0131 ba\u015fvurudan itibaren <strong>6 ay i\u00e7inde<\/strong> kullan\u0131lmal\u0131d\u0131r<\/li>\n<li>Paris S\u00f6zle\u015fmesi veya ikili anla\u015fma kapsam\u0131ndaki \u00fclkelerde yap\u0131lan ba\u015fvurular i\u00e7in ge\u00e7erlidir<\/li>\n<li>R\u00fc\u00e7han talebinde bulunurken ilk ba\u015fvuruya ait resmi belge T\u00dcRKPATENT&#8217;e sunulmal\u0131d\u0131r<\/li>\n<li>Bu hak, \u00f6zellikle uluslararas\u0131 pazarlara a\u00e7\u0131lmak isteyen i\u015fletmeler i\u00e7in stratejik \u00f6nem ta\u015f\u0131r<\/li>\n<\/ul>\n<p><!-- B\u00d6L\u00dcM 12 --><\/p>\n<h2 id=\"tescilsiz\">Tescilsiz Tasar\u0131m Korumas\u0131<\/h2>\n<p>T\u00fcrkiye&#8217;de tasar\u0131m korumas\u0131 iki ayr\u0131 mekanizma \u00fczerinden sa\u011flan\u0131r:<\/p>\n<table class=\"compare-table\">\n<thead>\n<tr>\n<th>\u00d6zellik<\/th>\n<th>Tescilli Tasar\u0131m<\/th>\n<th>Tescilsiz Tasar\u0131m<\/th>\n<\/tr>\n<\/thead>\n<tbody>\n<tr>\n<td>Koruma s\u00fcresi<\/td>\n<td>5 y\u0131l (25 y\u0131la kadar yenilenebilir)<\/td>\n<td>3 y\u0131l (yenilenemez)<\/td>\n<\/tr>\n<tr>\n<td>Koruma kapsam\u0131<\/td>\n<td>Hem kopyalamaya hem ba\u011f\u0131ms\u0131z yarat\u0131mlara kar\u015f\u0131<\/td>\n<td>Yaln\u0131zca birebir kopyalamaya kar\u015f\u0131<\/td>\n<\/tr>\n<tr>\n<td>\u0130spat y\u00fck\u00fc<\/td>\n<td>Tescil belgesi yeterli<\/td>\n<td>Tasar\u0131m\u0131n kamuya ilk sunu\u015f tarihi ispat edilmeli<\/td>\n<\/tr>\n<tr>\n<td>Dava a\u00e7ma kolayl\u0131\u011f\u0131<\/td>\n<td>Kolay \u2014 tescil belgesi delil niteli\u011finde<\/td>\n<td>G\u00fc\u00e7 \u2014 kullan\u0131m tarihi ve \u00f6zg\u00fcnl\u00fck ispat\u0131 gerekli<\/td>\n<\/tr>\n<tr>\n<td>Uluslararas\u0131 ge\u00e7erlilik<\/td>\n<td>Lahey Sistemi ile geni\u015fletilebilir<\/td>\n<td>S\u0131n\u0131rl\u0131, \u00fclkeye \u00f6zel<\/td>\n<\/tr>\n<\/tbody>\n<\/table>\n<div class=\"highlight-box\">\n<p>\ud83d\udca1 Tescilsiz koruma yaln\u0131zca acil durumlarda bir tampon sa\u011flar. Uzun vadeli koruma ve tam hukuki g\u00fcvence i\u00e7in tasar\u0131m tescili yap\u0131lmas\u0131 her zaman \u00f6nerilmektedir.<\/p>\n<\/div>\n<p><!-- B\u00d6L\u00dcM 13 --><\/p>\n<h2 id=\"patent-fark\">Tasar\u0131m Tescili, Patent ve Marka Aras\u0131ndaki Fark<\/h2>\n<table class=\"compare-table\">\n<thead>\n<tr>\n<th>\u00d6zellik<\/th>\n<th>Tasar\u0131m Tescili<\/th>\n<th>Patent<\/th>\n<th>Marka Tescili<\/th>\n<\/tr>\n<\/thead>\n<tbody>\n<tr>\n<td>Ne korur?<\/td>\n<td>\u00dcr\u00fcn\u00fcn g\u00f6rsel\/estetik \u00f6zellikleri<\/td>\n<td>Teknik bulu\u015f ve yenilikler<\/td>\n<td>\u0130sim, logo, slogan<\/td>\n<\/tr>\n<tr>\n<td>Koruma s\u00fcresi<\/td>\n<td>5+5 y\u0131l, max. 25 y\u0131l<\/td>\n<td>20 y\u0131l (yenilenemez)<\/td>\n<td>10 y\u0131l (s\u0131n\u0131rs\u0131z yenilenebilir)<\/td>\n<\/tr>\n<tr>\n<td>Yenilik kriteri<\/td>\n<td>G\u00f6rsel \u00f6zg\u00fcnl\u00fck<\/td>\n<td>Teknik yenilik<\/td>\n<td>Ay\u0131rt edicilik<\/td>\n<\/tr>\n<tr>\n<td>Yasal dayanak<\/td>\n<td>SMK Madde 55\u201375<\/td>\n<td>SMK Madde 82 vd.<\/td>\n<td>SMK Madde 4 vd.<\/td>\n<\/tr>\n<tr>\n<td>\u00d6rnek<\/td>\n<td>Otomobil i\u00e7 d\u00f6\u015feme, ayakkab\u0131 formu<\/td>\n<td>Motor teknolojisi, ila\u00e7 form\u00fcl\u00fc<\/td>\n<td>Apple, Nike, Coca-Cola<\/td>\n<\/tr>\n<\/tbody>\n<\/table>\n<p>Bir \u00fcr\u00fcn hem teknik yenilik hem g\u00f6rsel \u00f6zg\u00fcnl\u00fck ta\u015f\u0131yorsa <strong>hem patent hem tasar\u0131m tescili<\/strong> ayn\u0131 anda al\u0131nabilir. \u00d6rne\u011fin \u00f6zg\u00fcn formlu bir elektronik cihaz i\u00e7in hem i\u015fleyi\u015f patenti hem d\u0131\u015f g\u00f6r\u00fcn\u00fcm tasar\u0131m tescili yap\u0131labilir. Ayr\u0131ca \u00fcr\u00fcn ismi i\u00e7in <a href=\"https:\/\/aylarpatent.com\/marka-sorgula.php\">marka sorgulama<\/a> yaparak marka tescili de yapt\u0131r\u0131labilir.<\/p>\n<p><!-- B\u00d6L\u00dcM 14 --><\/p>\n<h2 id=\"uluslararasi\">Uluslararas\u0131 Tasar\u0131m Tescili \u2014 Lahey Sistemi<\/h2>\n<p>Tasar\u0131m\u0131n\u0131z\u0131 birden fazla \u00fclkede koruma alt\u0131na almak istiyorsan\u0131z, <strong>D\u00fcnya Fikri M\u00fclkiyet \u00d6rg\u00fct\u00fc (WIPO)<\/strong> taraf\u0131ndan y\u00f6netilen <strong>Lahey Anla\u015fmas\u0131<\/strong> sistemi en pratik ve ekonomik yoldur.<\/p>\n<ul>\n<li>Tek bir ba\u015fvuru ile <strong>90&#8217;dan fazla \u00fclkede<\/strong> tasar\u0131m koruma talep edilebilir<\/li>\n<li>T\u00fcrkiye, Lahey Anla\u015fmas\u0131&#8217;na taraf oldu\u011fundan do\u011frudan ba\u015fvuru yap\u0131labilir<\/li>\n<li>Lahey ba\u015fvurusu WIPO&#8217;ya \u0130ngilizce, Frans\u0131zca veya \u0130spanyolca yap\u0131l\u0131r<\/li>\n<li>Uluslararas\u0131 koruma, ilgili \u00fclkelerin ulusal mevzuat\u0131na tabidir<\/li>\n<li>AB \u00fclkeleri i\u00e7in tek bir ba\u015fvuruyla EUIPO (Avrupa Birli\u011fi Fikri M\u00fclkiyet Ofisi) \u00fczerinden koruma talep edilebilir<\/li>\n<\/ul>\n<p><!-- B\u00d6L\u00dcM 15 --><\/p>\n<h2 id=\"hatalar\">Tasar\u0131m Tescil Ba\u015fvurusunda S\u0131k Yap\u0131lan Hatalar<\/h2>\n<ul>\n<li><strong>Ba\u015fvurudan \u00f6nce kamuya sunum:<\/strong> \u00dcr\u00fcn\u00fc sosyal medyada payla\u015fmak, fuarda sergilemek veya sat\u0131\u015fa \u00e7\u0131karmak yenilik kriterini ortadan kald\u0131r\u0131r.<\/li>\n<li><strong>Yetersiz veya hatal\u0131 g\u00f6rsel anlat\u0131m:<\/strong> Eksik g\u00f6r\u00fcn\u00fcmler, d\u00fc\u015f\u00fck \u00e7\u00f6z\u00fcn\u00fcrl\u00fck veya yanl\u0131\u015f arka plan ba\u015fvurunun \u015fekli incelemede reddedilmesine yol a\u00e7ar.<\/li>\n<li><strong>Yanl\u0131\u015f Locarno s\u0131n\u0131f\u0131:<\/strong> \u00dcr\u00fcn\u00fcn hangi s\u0131n\u0131fa girdi\u011fini yanl\u0131\u015f belirlemek, koruma kapsam\u0131n\u0131 daralt\u0131r.<\/li>\n<li><strong>Yay\u0131m ertelemesini belirtmemek:<\/strong> Ba\u015fvuru sonras\u0131nda yay\u0131m ertelemesi talep edilemez; bu talep ba\u015fvuruyla birlikte yap\u0131lmal\u0131d\u0131r.<\/li>\n<li><strong>Teknik par\u00e7alar\u0131 koruma kapsam\u0131na dahil etmek:<\/strong> Yaln\u0131zca i\u015flevsel olan par\u00e7alar tescil korumas\u0131ndan yararlanamaz; bu k\u0131s\u0131mlar kesik \u00e7izgiyle g\u00f6sterilmelidir.<\/li>\n<li><strong>Tarifname sunmamak:<\/strong> \u0130ste\u011fe ba\u011fl\u0131 olsa da tarifname, koruma kapsam\u0131n\u0131 netle\u015ftirir ve itiraz s\u00fcre\u00e7lerinde \u00f6nemli avantaj sa\u011flar.<\/li>\n<\/ul>\n<p><!-- B\u00d6L\u00dcM 16 --><\/p>\n<h2 id=\"sss\">S\u0131k\u00e7a Sorulan Sorular<\/h2>\n<details class=\"faq-item\">\n<summary>End\u00fcstriyel tasar\u0131m nedir?<\/summary>\n<div class=\"faq-a\">End\u00fcstriyel tasar\u0131m, sanayi yoluyla \u00fcretilebilir bir \u00fcr\u00fcn\u00fcn \u00e7izgi, \u015fekil, bi\u00e7im, renk, doku veya malzeme \u00f6zelliklerinden kaynaklanan \u00f6zg\u00fcn d\u0131\u015f g\u00f6r\u00fcn\u00fcm\u00fcd\u00fcr. 6769 say\u0131l\u0131 SMK&#8217;n\u0131n 55. maddesinde tan\u0131mlanm\u0131\u015ft\u0131r. Mobilyadan elektroni\u011fe, giyimden ambalaj tasar\u0131m\u0131na kadar geni\u015f bir \u00fcr\u00fcn yelpazesini kapsar.<\/div>\n<\/details>\n<details class=\"faq-item\">\n<summary>Tasar\u0131m tescili ka\u00e7 y\u0131l koruma sa\u011flar?<\/summary>\n<div class=\"faq-a\">Tasar\u0131m tescili, ba\u015fvuru tarihinden itibaren <strong>5 y\u0131l<\/strong> s\u00fcreyle koruma sa\u011flar. Bu s\u00fcre, 5&#8217;er y\u0131ll\u0131k d\u00f6nemler halinde toplam <strong>25 y\u0131la kadar<\/strong> yenilenebilir. Yenileme yap\u0131lmamas\u0131 halinde koruma sona erer.<\/div>\n<\/details>\n<details class=\"faq-item\">\n<summary>Tasar\u0131m tescil ba\u015fvuru \u00fccreti 2026&#8217;da ne kadar?<\/summary>\n<div class=\"faq-a\">2026 y\u0131l\u0131nda tek tasar\u0131m i\u00e7in T\u00dcRKPATENT&#8217;e \u00f6denen tasar\u0131m tescil ba\u015fvuru \u00fccreti <strong>2.070 TL<\/strong>&#8216;dir. \u0130lave 2. tasar\u0131m i\u00e7in 1.674,90 TL, ilave 3.\u20135. tasar\u0131mlar i\u00e7in her biri 318,70 TL, 6. ve sonras\u0131 her bir tasar\u0131m i\u00e7in 760 TL ek \u00fccret \u00f6denir. Bu \u00fccretlere yay\u0131m \u00fccreti ayr\u0131ca eklenir.<\/div>\n<\/details>\n<details class=\"faq-item\">\n<summary>Tasar\u0131m tescili i\u00e7in hangi belgeler gereklidir?<\/summary>\n<div class=\"faq-a\">Gerekli belgeler: EPATS \u00fczerinden doldurulmu\u015f ba\u015fvuru formu, tasar\u0131m\u0131n en az 7 farkl\u0131 a\u00e7\u0131dan y\u00fcksek \u00e7\u00f6z\u00fcn\u00fcrl\u00fckl\u00fc g\u00f6rselleri, \u00fcr\u00fcn ad\u0131 ve Locarno s\u0131n\u0131f\u0131, ba\u015fvuru sahibi bilgileri, har\u00e7 dekontu ve varsa vek\u00e2letname. Tarifname iste\u011fe ba\u011fl\u0131d\u0131r ancak \u00f6nerilir.<\/div>\n<\/details>\n<details class=\"faq-item\">\n<summary>Yay\u0131m ertelemesi nedir, ne zaman kullan\u0131l\u0131r?<\/summary>\n<div class=\"faq-a\">Yay\u0131m ertelemesi, tasar\u0131m\u0131n Resmi B\u00fclten&#8217;deki yay\u0131m\u0131n\u0131n <strong>30 aya kadar ertelenmesidir<\/strong>. Bu s\u00fcre zarf\u0131nda tasar\u0131m\u0131n g\u00f6rselleri gizli tutulur. \u00dcr\u00fcn\u00fc kamuoyuna sunmadan \u00f6nce tescil g\u00fcvencesi almak isteyen, \u00f6zellikle fuar veya lansman \u00f6ncesi ba\u015fvuru yapanlar i\u00e7in idealdir. Talep mutlaka ba\u015fvuruyla birlikte yap\u0131lmal\u0131d\u0131r.<\/div>\n<\/details>\n<details class=\"faq-item\">\n<summary>Tescilsiz tasar\u0131m korunabilir mi?<\/summary>\n<div class=\"faq-a\">Evet, s\u0131n\u0131rl\u0131 \u00f6l\u00e7\u00fcde. SMK kapsam\u0131nda tescilsiz tasar\u0131mlar, kamuya ilk sunulu\u015f tarihinden itibaren <strong>3 y\u0131l boyunca<\/strong> yaln\u0131zca birebir kopyalamaya kar\u015f\u0131 korunur. Bu koruma tescilli tasar\u0131ma g\u00f6re \u00e7ok daha s\u0131n\u0131rl\u0131d\u0131r ve ispat y\u00fck\u00fc ba\u015fvuru sahibine aittir.<\/div>\n<\/details>\n<details class=\"faq-item\">\n<summary>Tasar\u0131m tescili ile patent aras\u0131ndaki fark nedir?<\/summary>\n<div class=\"faq-a\"><strong>Tasar\u0131m tescili<\/strong>, \u00fcr\u00fcn\u00fcn g\u00f6rsel ve estetik \u00f6zelliklerini (\u015fekil, renk, doku) korur; ba\u015fvuru tarihinden itibaren 5+5 y\u0131ll\u0131k d\u00f6nemlerle en fazla 25 y\u0131l ge\u00e7erlidir. <strong>Patent<\/strong> ise bir teknik bulu\u015fu veya i\u015fleyi\u015f prensibini korur; 20 y\u0131l ge\u00e7erlidir ve yenilenemez. Bir \u00fcr\u00fcn hem teknik bulu\u015f hem g\u00f6rsel \u00f6zg\u00fcnl\u00fck ta\u015f\u0131yorsa her ikisi de al\u0131nabilir.<\/div>\n<\/details>\n<details class=\"faq-item\">\n<summary>\u00c7oklu tasar\u0131m ba\u015fvurusu nas\u0131l yap\u0131l\u0131r?<\/summary>\n<div class=\"faq-a\">Ayn\u0131 Locarno s\u0131n\u0131f\u0131na ait birden fazla tasar\u0131m tek bir ba\u015fvuruda sunulabilir. Her tasar\u0131m ayr\u0131 g\u00f6rsel anlat\u0131mla numaraland\u0131r\u0131l\u0131r. 2. tasar\u0131m i\u00e7in 1.674,90 TL, 3.\u20135. tasar\u0131mlar i\u00e7in her biri 318,70 TL, 6. ve sonras\u0131 i\u00e7in 760 TL ek \u00fccret \u00f6denir. Bir tasar\u0131m\u0131n reddedilmesi di\u011ferlerini etkilemez.<\/div>\n<\/details>\n<details class=\"faq-item\">\n<summary>Tasar\u0131m ba\u015fvurusu reddedilirse ne yap\u0131l\u0131r?<\/summary>\n<div class=\"faq-a\">T\u00dcRKPATENT&#8217;in red bildirimine kar\u015f\u0131 <strong>2 ay i\u00e7inde<\/strong> gerek\u00e7eli itiraz dilek\u00e7esiyle Yeniden \u0130nceleme ve De\u011ferlendirme Kurulu&#8217;na (Y\u0130DK) itiraz edilebilir. Y\u0130DK karar\u0131na kar\u015f\u0131 da Ankara Fikri ve S\u0131nai Haklar Hukuk Mahkemesi&#8217;nde dava a\u00e7\u0131labilir. Red gerek\u00e7esi giderildi\u011finde tasar\u0131m\u0131n yeniden d\u00fczenlenerek yeni ba\u015fvuru yap\u0131lmas\u0131 da m\u00fcmk\u00fcnd\u00fcr.<\/div>\n<\/details>\n<details class=\"faq-item\">\n<summary>Uluslararas\u0131 tasar\u0131m tescili m\u00fcmk\u00fcn m\u00fc?<\/summary>\n<div class=\"faq-a\">Evet. WIPO taraf\u0131ndan y\u00f6netilen Lahey Anla\u015fmas\u0131 sistemi arac\u0131l\u0131\u011f\u0131yla tek bir ba\u015fvuruyla 90&#8217;dan fazla \u00fclkede tasar\u0131m korumas\u0131 talep edilebilir. T\u00fcrkiye Lahey Anla\u015fmas\u0131&#8217;na taraft\u0131r. AB \u00fclkeleri i\u00e7in EUIPO \u00fczerinden de ba\u015fvuru yap\u0131labilir.<\/div>\n<\/details>\n<p><!-- YAZAR KUTUSU --><\/p>\n<div class=\"author-box\">\n<div class=\"author-icon\"><\/div>\n<div class=\"author-info\">\n<h4>Marka Vekili ve Avukat Atakan AYLAR<\/h4>\n<table class=\"author-table\">\n<tbody>\n<tr>\n<td>\u2705 Avukat Marka Vekili<\/td>\n<td>Av. Atakan AYLAR<br \/>\nMarka Vekilli\u011fi Sicil No: 2890<br \/>\nAvukatl\u0131k Sicil No: 40239 Ankara Barosu<\/td>\n<\/tr>\n<tr>\n<td>\u2705 \u0130leti\u015fim<\/td>\n<td><a href=\"tel:05417238552\">0541 723 85 52<\/a><\/td>\n<\/tr>\n<tr>\n<td>\u2705 Mail<\/td>\n<td><a href=\"mailto:bilgi@aylarpatent.com\">bilgi@aylarpatent.com<\/a><\/td>\n<\/tr>\n<\/tbody>\n<\/table>\n<\/div>\n<\/div>\n<\/div>\n<p><!-- \/.et26 --><\/p>\n","protected":false},"excerpt":{"rendered":"<p>End\u00fcstriyel Tasar\u0131m Tescili 2026 End\u00fcstriyel tasar\u0131m, sanayi yoluyla \u00fcretilen bir \u00fcr\u00fcn\u00fcn \u00e7izgi, \u015fekil, renk, doku ve y\u00fczey i\u015flemesi gibi g\u00f6rsel \u00f6zellikleriyle kazand\u0131\u011f\u0131 \u00f6zg\u00fcn d\u0131\u015f g\u00f6r\u00fcn\u00fcmd\u00fcr. Tasar\u0131m tescili, bu g\u00f6r\u00fcn\u00fcm\u00fcn T\u00dcRKPATENT&#8217;e ba\u015fvuru yap\u0131larak yasal koruma alt\u0131na al\u0131nmas\u0131 i\u015flemidir. Koruma s\u00fcresi: 5 y\u0131l (5&#8217;er y\u0131ll\u0131k d\u00f6nemlerle toplam 25 y\u0131la kadar yenilenebilir) 2026 Ba\u015fvuru \u00dccreti: Tek tasar\u0131m 2.070 &hellip; <a href=\"https:\/\/aylarpatent.com\/blog\/endustriyel-tasarim-nedir-tasarim-tescili-nasil-alinir\/\" class=\"more-link\">Okumaya devam et<span class=\"screen-reader-text\"> &#8220;End\u00fcstriyel Tasar\u0131m Nedir? Tasar\u0131m Tescili Nas\u0131l Al\u0131n\u0131r? 2026 G\u00fcncel Rehber&#8221;<\/span><\/a><\/p>\n","protected":false},"author":1,"featured_media":89,"comment_status":"open","ping_status":"open","sticky":false,"template":"","format":"standard","meta":{"footnotes":""},"categories":[1],"tags":[],"class_list":["post-79","post","type-post","status-publish","format-standard","has-post-thumbnail","hentry","category-genel"],"yoast_head":"<!-- This site is optimized with the Yoast SEO plugin v24.6 - https:\/\/yoast.com\/wordpress\/plugins\/seo\/ -->\n<title>End\u00fcstriyel Tasar\u0131m Nedir? Tasar\u0131m Tescili Nas\u0131l Al\u0131n\u0131r? 2026 G\u00fcncel Rehber<\/title>\n<meta name=\"description\" content=\"End\u00fcstriyel tasar\u0131m tescili 2026: Ba\u015fvuru ad\u0131mlar\u0131, 2.070 TL g\u00fcncel \u00fccretler, gerekli belgeler, yenilik kriteri, 25 y\u0131la kadar koruma. Uzman rehberi.\" \/>\n<meta name=\"robots\" content=\"index, follow, max-snippet:-1, max-image-preview:large, max-video-preview:-1\" \/>\n<link rel=\"canonical\" href=\"https:\/\/aylarpatent.com\/blog\/endustriyel-tasarim-nedir-tasarim-tescili-nasil-alinir\/\" \/>\n<meta property=\"og:locale\" content=\"tr_TR\" \/>\n<meta property=\"og:type\" content=\"article\" \/>\n<meta property=\"og:title\" content=\"End\u00fcstriyel Tasar\u0131m Nedir? Tasar\u0131m Tescili Nas\u0131l Al\u0131n\u0131r? 2026 G\u00fcncel Rehber\" \/>\n<meta property=\"og:description\" content=\"End\u00fcstriyel tasar\u0131m tescili 2026: Ba\u015fvuru ad\u0131mlar\u0131, 2.070 TL g\u00fcncel \u00fccretler, gerekli belgeler, yenilik kriteri, 25 y\u0131la kadar koruma. Uzman rehberi.\" \/>\n<meta property=\"og:url\" content=\"https:\/\/aylarpatent.com\/blog\/endustriyel-tasarim-nedir-tasarim-tescili-nasil-alinir\/\" \/>\n<meta property=\"og:site_name\" content=\"Aylar Patent\" \/>\n<meta property=\"article:published_time\" content=\"2026-03-25T11:56:42+00:00\" \/>\n<meta property=\"article:modified_time\" content=\"2026-03-25T16:21:34+00:00\" \/>\n<meta property=\"og:image\" content=\"https:\/\/aylarpatent.com\/blog\/wp-content\/uploads\/2024\/10\/endustriyel-tasarim-nedir.webp\" \/>\n\t<meta property=\"og:image:width\" content=\"768\" \/>\n\t<meta property=\"og:image:height\" content=\"454\" \/>\n\t<meta property=\"og:image:type\" content=\"image\/webp\" \/>\n<meta name=\"author\" content=\"aylar\" \/>\n<meta name=\"twitter:card\" content=\"summary_large_image\" \/>\n<meta name=\"twitter:label1\" content=\"Yazan:\" \/>\n\t<meta name=\"twitter:data1\" content=\"aylar\" \/>\n\t<meta name=\"twitter:label2\" content=\"Tahmini okuma s\u00fcresi\" \/>\n\t<meta name=\"twitter:data2\" content=\"16 dakika\" \/>\n<script type=\"application\/ld+json\" class=\"yoast-schema-graph\">{\"@context\":\"https:\/\/schema.org\",\"@graph\":[{\"@type\":\"Article\",\"@id\":\"https:\/\/aylarpatent.com\/blog\/endustriyel-tasarim-nedir-tasarim-tescili-nasil-alinir\/#article\",\"isPartOf\":{\"@id\":\"https:\/\/aylarpatent.com\/blog\/endustriyel-tasarim-nedir-tasarim-tescili-nasil-alinir\/\"},\"author\":{\"name\":\"aylar\",\"@id\":\"https:\/\/aylarpatent.com\/blog\/#\/schema\/person\/1e0776698b513bfa860893db687990f4\"},\"headline\":\"End\u00fcstriyel Tasar\u0131m Nedir? Tasar\u0131m Tescili Nas\u0131l Al\u0131n\u0131r? 2026 G\u00fcncel Rehber\",\"datePublished\":\"2026-03-25T11:56:42+00:00\",\"dateModified\":\"2026-03-25T16:21:34+00:00\",\"mainEntityOfPage\":{\"@id\":\"https:\/\/aylarpatent.com\/blog\/endustriyel-tasarim-nedir-tasarim-tescili-nasil-alinir\/\"},\"wordCount\":3674,\"commentCount\":0,\"publisher\":{\"@id\":\"https:\/\/aylarpatent.com\/blog\/#organization\"},\"image\":{\"@id\":\"https:\/\/aylarpatent.com\/blog\/endustriyel-tasarim-nedir-tasarim-tescili-nasil-alinir\/#primaryimage\"},\"thumbnailUrl\":\"https:\/\/aylarpatent.com\/blog\/wp-content\/uploads\/2024\/10\/endustriyel-tasarim-nedir.webp\",\"inLanguage\":\"tr\",\"potentialAction\":[{\"@type\":\"CommentAction\",\"name\":\"Comment\",\"target\":[\"https:\/\/aylarpatent.com\/blog\/endustriyel-tasarim-nedir-tasarim-tescili-nasil-alinir\/#respond\"]}]},{\"@type\":\"WebPage\",\"@id\":\"https:\/\/aylarpatent.com\/blog\/endustriyel-tasarim-nedir-tasarim-tescili-nasil-alinir\/\",\"url\":\"https:\/\/aylarpatent.com\/blog\/endustriyel-tasarim-nedir-tasarim-tescili-nasil-alinir\/\",\"name\":\"End\u00fcstriyel Tasar\u0131m Nedir? Tasar\u0131m Tescili Nas\u0131l Al\u0131n\u0131r? 2026 G\u00fcncel Rehber\",\"isPartOf\":{\"@id\":\"https:\/\/aylarpatent.com\/blog\/#website\"},\"primaryImageOfPage\":{\"@id\":\"https:\/\/aylarpatent.com\/blog\/endustriyel-tasarim-nedir-tasarim-tescili-nasil-alinir\/#primaryimage\"},\"image\":{\"@id\":\"https:\/\/aylarpatent.com\/blog\/endustriyel-tasarim-nedir-tasarim-tescili-nasil-alinir\/#primaryimage\"},\"thumbnailUrl\":\"https:\/\/aylarpatent.com\/blog\/wp-content\/uploads\/2024\/10\/endustriyel-tasarim-nedir.webp\",\"datePublished\":\"2026-03-25T11:56:42+00:00\",\"dateModified\":\"2026-03-25T16:21:34+00:00\",\"description\":\"End\u00fcstriyel tasar\u0131m tescili 2026: Ba\u015fvuru ad\u0131mlar\u0131, 2.070 TL g\u00fcncel \u00fccretler, gerekli belgeler, yenilik kriteri, 25 y\u0131la kadar koruma. Uzman rehberi.\",\"breadcrumb\":{\"@id\":\"https:\/\/aylarpatent.com\/blog\/endustriyel-tasarim-nedir-tasarim-tescili-nasil-alinir\/#breadcrumb\"},\"inLanguage\":\"tr\",\"potentialAction\":[{\"@type\":\"ReadAction\",\"target\":[\"https:\/\/aylarpatent.com\/blog\/endustriyel-tasarim-nedir-tasarim-tescili-nasil-alinir\/\"]}]},{\"@type\":\"ImageObject\",\"inLanguage\":\"tr\",\"@id\":\"https:\/\/aylarpatent.com\/blog\/endustriyel-tasarim-nedir-tasarim-tescili-nasil-alinir\/#primaryimage\",\"url\":\"https:\/\/aylarpatent.com\/blog\/wp-content\/uploads\/2024\/10\/endustriyel-tasarim-nedir.webp\",\"contentUrl\":\"https:\/\/aylarpatent.com\/blog\/wp-content\/uploads\/2024\/10\/endustriyel-tasarim-nedir.webp\",\"width\":768,\"height\":454,\"caption\":\"endustriyel tasar\u0131m nedir\"},{\"@type\":\"BreadcrumbList\",\"@id\":\"https:\/\/aylarpatent.com\/blog\/endustriyel-tasarim-nedir-tasarim-tescili-nasil-alinir\/#breadcrumb\",\"itemListElement\":[{\"@type\":\"ListItem\",\"position\":1,\"name\":\"Anasayfa\",\"item\":\"https:\/\/aylarpatent.com\/blog\/\"},{\"@type\":\"ListItem\",\"position\":2,\"name\":\"End\u00fcstriyel Tasar\u0131m Nedir? Tasar\u0131m Tescili Nas\u0131l Al\u0131n\u0131r? 2026 G\u00fcncel Rehber\"}]},{\"@type\":\"WebSite\",\"@id\":\"https:\/\/aylarpatent.com\/blog\/#website\",\"url\":\"https:\/\/aylarpatent.com\/blog\/\",\"name\":\"Aylar Patent\",\"description\":\"\",\"publisher\":{\"@id\":\"https:\/\/aylarpatent.com\/blog\/#organization\"},\"potentialAction\":[{\"@type\":\"SearchAction\",\"target\":{\"@type\":\"EntryPoint\",\"urlTemplate\":\"https:\/\/aylarpatent.com\/blog\/?s={search_term_string}\"},\"query-input\":{\"@type\":\"PropertyValueSpecification\",\"valueRequired\":true,\"valueName\":\"search_term_string\"}}],\"inLanguage\":\"tr\"},{\"@type\":\"Organization\",\"@id\":\"https:\/\/aylarpatent.com\/blog\/#organization\",\"name\":\"Aylar Patent\",\"url\":\"https:\/\/aylarpatent.com\/blog\/\",\"logo\":{\"@type\":\"ImageObject\",\"inLanguage\":\"tr\",\"@id\":\"https:\/\/aylarpatent.com\/blog\/#\/schema\/logo\/image\/\",\"url\":\"https:\/\/aylarpatent.com\/blog\/wp-content\/uploads\/2024\/09\/logoK-1.webp\",\"contentUrl\":\"https:\/\/aylarpatent.com\/blog\/wp-content\/uploads\/2024\/09\/logoK-1.webp\",\"width\":166,\"height\":63,\"caption\":\"Aylar Patent\"},\"image\":{\"@id\":\"https:\/\/aylarpatent.com\/blog\/#\/schema\/logo\/image\/\"}},{\"@type\":\"Person\",\"@id\":\"https:\/\/aylarpatent.com\/blog\/#\/schema\/person\/1e0776698b513bfa860893db687990f4\",\"name\":\"aylar\",\"image\":{\"@type\":\"ImageObject\",\"inLanguage\":\"tr\",\"@id\":\"https:\/\/aylarpatent.com\/blog\/#\/schema\/person\/image\/\",\"url\":\"https:\/\/secure.gravatar.com\/avatar\/cd6e9220bc25c8c1f7b129ce97013e1ffc811d630e8eb6a7606d8b1ab24caef6?s=96&d=mm&r=g\",\"contentUrl\":\"https:\/\/secure.gravatar.com\/avatar\/cd6e9220bc25c8c1f7b129ce97013e1ffc811d630e8eb6a7606d8b1ab24caef6?s=96&d=mm&r=g\",\"caption\":\"aylar\"},\"sameAs\":[\"https:\/\/aylarpatent.com\/blog\"],\"url\":\"https:\/\/aylarpatent.com\/blog\/author\/aylar\/\"}]}<\/script>\n<!-- \/ Yoast SEO plugin. -->","yoast_head_json":{"title":"End\u00fcstriyel Tasar\u0131m Nedir? Tasar\u0131m Tescili Nas\u0131l Al\u0131n\u0131r? 2026 G\u00fcncel Rehber","description":"End\u00fcstriyel tasar\u0131m tescili 2026: Ba\u015fvuru ad\u0131mlar\u0131, 2.070 TL g\u00fcncel \u00fccretler, gerekli belgeler, yenilik kriteri, 25 y\u0131la kadar koruma. Uzman rehberi.","robots":{"index":"index","follow":"follow","max-snippet":"max-snippet:-1","max-image-preview":"max-image-preview:large","max-video-preview":"max-video-preview:-1"},"canonical":"https:\/\/aylarpatent.com\/blog\/endustriyel-tasarim-nedir-tasarim-tescili-nasil-alinir\/","og_locale":"tr_TR","og_type":"article","og_title":"End\u00fcstriyel Tasar\u0131m Nedir? Tasar\u0131m Tescili Nas\u0131l Al\u0131n\u0131r? 2026 G\u00fcncel Rehber","og_description":"End\u00fcstriyel tasar\u0131m tescili 2026: Ba\u015fvuru ad\u0131mlar\u0131, 2.070 TL g\u00fcncel \u00fccretler, gerekli belgeler, yenilik kriteri, 25 y\u0131la kadar koruma. Uzman rehberi.","og_url":"https:\/\/aylarpatent.com\/blog\/endustriyel-tasarim-nedir-tasarim-tescili-nasil-alinir\/","og_site_name":"Aylar Patent","article_published_time":"2026-03-25T11:56:42+00:00","article_modified_time":"2026-03-25T16:21:34+00:00","og_image":[{"width":768,"height":454,"url":"https:\/\/aylarpatent.com\/blog\/wp-content\/uploads\/2024\/10\/endustriyel-tasarim-nedir.webp","type":"image\/webp"}],"author":"aylar","twitter_card":"summary_large_image","twitter_misc":{"Yazan:":"aylar","Tahmini okuma s\u00fcresi":"16 dakika"},"schema":{"@context":"https:\/\/schema.org","@graph":[{"@type":"Article","@id":"https:\/\/aylarpatent.com\/blog\/endustriyel-tasarim-nedir-tasarim-tescili-nasil-alinir\/#article","isPartOf":{"@id":"https:\/\/aylarpatent.com\/blog\/endustriyel-tasarim-nedir-tasarim-tescili-nasil-alinir\/"},"author":{"name":"aylar","@id":"https:\/\/aylarpatent.com\/blog\/#\/schema\/person\/1e0776698b513bfa860893db687990f4"},"headline":"End\u00fcstriyel Tasar\u0131m Nedir? Tasar\u0131m Tescili Nas\u0131l Al\u0131n\u0131r? 2026 G\u00fcncel Rehber","datePublished":"2026-03-25T11:56:42+00:00","dateModified":"2026-03-25T16:21:34+00:00","mainEntityOfPage":{"@id":"https:\/\/aylarpatent.com\/blog\/endustriyel-tasarim-nedir-tasarim-tescili-nasil-alinir\/"},"wordCount":3674,"commentCount":0,"publisher":{"@id":"https:\/\/aylarpatent.com\/blog\/#organization"},"image":{"@id":"https:\/\/aylarpatent.com\/blog\/endustriyel-tasarim-nedir-tasarim-tescili-nasil-alinir\/#primaryimage"},"thumbnailUrl":"https:\/\/aylarpatent.com\/blog\/wp-content\/uploads\/2024\/10\/endustriyel-tasarim-nedir.webp","inLanguage":"tr","potentialAction":[{"@type":"CommentAction","name":"Comment","target":["https:\/\/aylarpatent.com\/blog\/endustriyel-tasarim-nedir-tasarim-tescili-nasil-alinir\/#respond"]}]},{"@type":"WebPage","@id":"https:\/\/aylarpatent.com\/blog\/endustriyel-tasarim-nedir-tasarim-tescili-nasil-alinir\/","url":"https:\/\/aylarpatent.com\/blog\/endustriyel-tasarim-nedir-tasarim-tescili-nasil-alinir\/","name":"End\u00fcstriyel Tasar\u0131m Nedir? Tasar\u0131m Tescili Nas\u0131l Al\u0131n\u0131r? 2026 G\u00fcncel Rehber","isPartOf":{"@id":"https:\/\/aylarpatent.com\/blog\/#website"},"primaryImageOfPage":{"@id":"https:\/\/aylarpatent.com\/blog\/endustriyel-tasarim-nedir-tasarim-tescili-nasil-alinir\/#primaryimage"},"image":{"@id":"https:\/\/aylarpatent.com\/blog\/endustriyel-tasarim-nedir-tasarim-tescili-nasil-alinir\/#primaryimage"},"thumbnailUrl":"https:\/\/aylarpatent.com\/blog\/wp-content\/uploads\/2024\/10\/endustriyel-tasarim-nedir.webp","datePublished":"2026-03-25T11:56:42+00:00","dateModified":"2026-03-25T16:21:34+00:00","description":"End\u00fcstriyel tasar\u0131m tescili 2026: Ba\u015fvuru ad\u0131mlar\u0131, 2.070 TL g\u00fcncel \u00fccretler, gerekli belgeler, yenilik kriteri, 25 y\u0131la kadar koruma. Uzman rehberi.","breadcrumb":{"@id":"https:\/\/aylarpatent.com\/blog\/endustriyel-tasarim-nedir-tasarim-tescili-nasil-alinir\/#breadcrumb"},"inLanguage":"tr","potentialAction":[{"@type":"ReadAction","target":["https:\/\/aylarpatent.com\/blog\/endustriyel-tasarim-nedir-tasarim-tescili-nasil-alinir\/"]}]},{"@type":"ImageObject","inLanguage":"tr","@id":"https:\/\/aylarpatent.com\/blog\/endustriyel-tasarim-nedir-tasarim-tescili-nasil-alinir\/#primaryimage","url":"https:\/\/aylarpatent.com\/blog\/wp-content\/uploads\/2024\/10\/endustriyel-tasarim-nedir.webp","contentUrl":"https:\/\/aylarpatent.com\/blog\/wp-content\/uploads\/2024\/10\/endustriyel-tasarim-nedir.webp","width":768,"height":454,"caption":"endustriyel tasar\u0131m nedir"},{"@type":"BreadcrumbList","@id":"https:\/\/aylarpatent.com\/blog\/endustriyel-tasarim-nedir-tasarim-tescili-nasil-alinir\/#breadcrumb","itemListElement":[{"@type":"ListItem","position":1,"name":"Anasayfa","item":"https:\/\/aylarpatent.com\/blog\/"},{"@type":"ListItem","position":2,"name":"End\u00fcstriyel Tasar\u0131m Nedir? Tasar\u0131m Tescili Nas\u0131l Al\u0131n\u0131r? 2026 G\u00fcncel Rehber"}]},{"@type":"WebSite","@id":"https:\/\/aylarpatent.com\/blog\/#website","url":"https:\/\/aylarpatent.com\/blog\/","name":"Aylar Patent","description":"","publisher":{"@id":"https:\/\/aylarpatent.com\/blog\/#organization"},"potentialAction":[{"@type":"SearchAction","target":{"@type":"EntryPoint","urlTemplate":"https:\/\/aylarpatent.com\/blog\/?s={search_term_string}"},"query-input":{"@type":"PropertyValueSpecification","valueRequired":true,"valueName":"search_term_string"}}],"inLanguage":"tr"},{"@type":"Organization","@id":"https:\/\/aylarpatent.com\/blog\/#organization","name":"Aylar Patent","url":"https:\/\/aylarpatent.com\/blog\/","logo":{"@type":"ImageObject","inLanguage":"tr","@id":"https:\/\/aylarpatent.com\/blog\/#\/schema\/logo\/image\/","url":"https:\/\/aylarpatent.com\/blog\/wp-content\/uploads\/2024\/09\/logoK-1.webp","contentUrl":"https:\/\/aylarpatent.com\/blog\/wp-content\/uploads\/2024\/09\/logoK-1.webp","width":166,"height":63,"caption":"Aylar Patent"},"image":{"@id":"https:\/\/aylarpatent.com\/blog\/#\/schema\/logo\/image\/"}},{"@type":"Person","@id":"https:\/\/aylarpatent.com\/blog\/#\/schema\/person\/1e0776698b513bfa860893db687990f4","name":"aylar","image":{"@type":"ImageObject","inLanguage":"tr","@id":"https:\/\/aylarpatent.com\/blog\/#\/schema\/person\/image\/","url":"https:\/\/secure.gravatar.com\/avatar\/cd6e9220bc25c8c1f7b129ce97013e1ffc811d630e8eb6a7606d8b1ab24caef6?s=96&d=mm&r=g","contentUrl":"https:\/\/secure.gravatar.com\/avatar\/cd6e9220bc25c8c1f7b129ce97013e1ffc811d630e8eb6a7606d8b1ab24caef6?s=96&d=mm&r=g","caption":"aylar"},"sameAs":["https:\/\/aylarpatent.com\/blog"],"url":"https:\/\/aylarpatent.com\/blog\/author\/aylar\/"}]}},"rttpg_featured_image_url":{"full":["https:\/\/aylarpatent.com\/blog\/wp-content\/uploads\/2024\/10\/endustriyel-tasarim-nedir.webp",768,454,false],"landscape":["https:\/\/aylarpatent.com\/blog\/wp-content\/uploads\/2024\/10\/endustriyel-tasarim-nedir.webp",768,454,false],"portraits":["https:\/\/aylarpatent.com\/blog\/wp-content\/uploads\/2024\/10\/endustriyel-tasarim-nedir.webp",768,454,false],"thumbnail":["https:\/\/aylarpatent.com\/blog\/wp-content\/uploads\/2024\/10\/endustriyel-tasarim-nedir-150x150.webp",150,150,true],"medium":["https:\/\/aylarpatent.com\/blog\/wp-content\/uploads\/2024\/10\/endustriyel-tasarim-nedir-300x177.webp",300,177,true],"large":["https:\/\/aylarpatent.com\/blog\/wp-content\/uploads\/2024\/10\/endustriyel-tasarim-nedir.webp",768,454,false],"1536x1536":["https:\/\/aylarpatent.com\/blog\/wp-content\/uploads\/2024\/10\/endustriyel-tasarim-nedir.webp",768,454,false],"2048x2048":["https:\/\/aylarpatent.com\/blog\/wp-content\/uploads\/2024\/10\/endustriyel-tasarim-nedir.webp",768,454,false],"post-thumbnail":["https:\/\/aylarpatent.com\/blog\/wp-content\/uploads\/2024\/10\/endustriyel-tasarim-nedir.webp",768,454,false]},"rttpg_author":{"display_name":"aylar","author_link":"https:\/\/aylarpatent.com\/blog\/author\/aylar\/"},"rttpg_comment":0,"rttpg_category":"<a href=\"https:\/\/aylarpatent.com\/blog\/category\/genel\/\" rel=\"category tag\">Genel<\/a>","rttpg_excerpt":"End\u00fcstriyel Tasar\u0131m Tescili 2026 End\u00fcstriyel tasar\u0131m, sanayi yoluyla \u00fcretilen bir \u00fcr\u00fcn\u00fcn \u00e7izgi, \u015fekil, renk, doku ve y\u00fczey i\u015flemesi gibi g\u00f6rsel \u00f6zellikleriyle kazand\u0131\u011f\u0131 \u00f6zg\u00fcn d\u0131\u015f g\u00f6r\u00fcn\u00fcmd\u00fcr. Tasar\u0131m tescili, bu g\u00f6r\u00fcn\u00fcm\u00fcn T\u00dcRKPATENT&#8217;e ba\u015fvuru yap\u0131larak yasal koruma alt\u0131na al\u0131nmas\u0131 i\u015flemidir. Koruma s\u00fcresi: 5 y\u0131l (5&#8217;er y\u0131ll\u0131k d\u00f6nemlerle toplam 25 y\u0131la kadar yenilenebilir) 2026 Ba\u015fvuru \u00dccreti: Tek tasar\u0131m 2.070&hellip;","_links":{"self":[{"href":"https:\/\/aylarpatent.com\/blog\/wp-json\/wp\/v2\/posts\/79","targetHints":{"allow":["GET"]}}],"collection":[{"href":"https:\/\/aylarpatent.com\/blog\/wp-json\/wp\/v2\/posts"}],"about":[{"href":"https:\/\/aylarpatent.com\/blog\/wp-json\/wp\/v2\/types\/post"}],"author":[{"embeddable":true,"href":"https:\/\/aylarpatent.com\/blog\/wp-json\/wp\/v2\/users\/1"}],"replies":[{"embeddable":true,"href":"https:\/\/aylarpatent.com\/blog\/wp-json\/wp\/v2\/comments?post=79"}],"version-history":[{"count":4,"href":"https:\/\/aylarpatent.com\/blog\/wp-json\/wp\/v2\/posts\/79\/revisions"}],"predecessor-version":[{"id":444,"href":"https:\/\/aylarpatent.com\/blog\/wp-json\/wp\/v2\/posts\/79\/revisions\/444"}],"wp:featuredmedia":[{"embeddable":true,"href":"https:\/\/aylarpatent.com\/blog\/wp-json\/wp\/v2\/media\/89"}],"wp:attachment":[{"href":"https:\/\/aylarpatent.com\/blog\/wp-json\/wp\/v2\/media?parent=79"}],"wp:term":[{"taxonomy":"category","embeddable":true,"href":"https:\/\/aylarpatent.com\/blog\/wp-json\/wp\/v2\/categories?post=79"},{"taxonomy":"post_tag","embeddable":true,"href":"https:\/\/aylarpatent.com\/blog\/wp-json\/wp\/v2\/tags?post=79"}],"curies":[{"name":"wp","href":"https:\/\/api.w.org\/{rel}","templated":true}]}}